{"id":8500,"date":"2018-07-14T13:14:55","date_gmt":"2018-07-14T10:14:55","guid":{"rendered":"https:\/\/estenbulhealth.com\/hair-transplant-turkey\/\/things-to-consider-before-and-after-hair-transplant\/"},"modified":"2023-09-19T16:28:06","modified_gmt":"2023-09-19T13:28:06","slug":"sac-ekimi-oncesi-ve-sonrasi-dikkat-edilmesi-gerekenler","status":"publish","type":"post","link":"https:\/\/estenbulhealth.com\/tr\/blog\/sac-ekimi-oncesi-ve-sonrasi-dikkat-edilmesi-gerekenler\/","title":{"rendered":"Sa\u00e7 Ekimi \u00d6ncesi ve Sonras\u0131 Dikkat Edilmesi Gerekenler"},"content":{"rendered":"<p>\u00c7e\u015fitli nedenlerle sa\u00e7 d\u00f6k\u00fclmesi ya\u015fayan ki\u015filer bu sorunu \u00e7\u00f6zmek i\u00e7in sa\u00e7 ekimini tercih etmektedirler. Sa\u00e7 d\u00f6k\u00fclmesi olumsuz psikoloji ve \u00f6zg\u00fcven sorunlar\u0131na neden olabilir ve sa\u00e7 d\u00f6k\u00fclmesini \u00f6nlemek i\u00e7in yeni y\u00f6ntemler geli\u015ftirilmektedir.<\/p>\n<p>Sa\u00e7 esteti\u011fi \u0130stanbul&#8217;da oldu\u011fu gibi T\u00fcrkiye&#8217;de de pop\u00fclerdir. \u0130stanbul&#8217;un yayg\u0131n olarak se\u00e7ilmesinin ana nedenlerinden biri, buradaki uzmanlar\u0131n ileri teknikler kullanmas\u0131d\u0131r. Sa\u00e7 ekimi ile sa\u00e7 d\u00f6k\u00fclmesinden \u015fikayet eden ve yeni sa\u00e7lara sahip olan ki\u015filer klinikten mutlu bir \u015fekilde ayr\u0131l\u0131rlar.<\/p>\n<p>\u0130stanbul&#8217;da \u00e7ok say\u0131da klinik var. Alan\u0131nda uzmanlar taraf\u0131ndan kliniklerde uygulanan i\u015flem sa\u00e7 esteti\u011fi T\u00fcrkiye markas\u0131n\u0131 olu\u015fturdu. B\u00f6ylece T\u00fcrkiye yurtd\u0131\u015f\u0131nda pop\u00fcler oldu ve sa\u011fl\u0131k turizminde ilerledi.<\/p>\n<p>Sa\u00e7 ekimi \u00f6ncesi ve sonras\u0131 bir\u00e7ok detay d\u00fc\u015f\u00fcn\u00fclmelidir. Bu sayede sa\u00e7 ekimi daha ba\u015far\u0131l\u0131 olur ve iyile\u015fme s\u00fcresi daha k\u0131sa olur. Bu a\u015famada i\u015flemi yapan uzman\u0131n ve hastalar\u0131n kendi g\u00f6revleri vard\u0131r.<\/p>\n<h2><b>Sa\u00e7 ekimi operasyonu \u00f6ncesi neler yap\u0131lmal\u0131d\u0131r?<\/b><\/h2>\n<p>Operasyon i\u00e7in 1 g\u00fcn ayarlanmal\u0131d\u0131r. Bu i\u015flemde 2-3 saat i\u00e7erisinde sa\u00e7 k\u00f6kleri toplan\u0131r. Daha sonra ekim yap\u0131lacak b\u00f6lgeye kanallar a\u00e7\u0131l\u0131r ve bu yakla\u015f\u0131k 45 dakika s\u00fcrer. son a\u015famada k\u00f6kler tek tek bu kanallara yerle\u015ftirilir. Bu operasyon yakla\u015f\u0131k 3 saat s\u00fcrmektedir. Bu sayede operasyon ortalama 7 saatte tamamlan\u0131r. Operasyonlardan sonra k\u00f6kler hassas oldu\u011fu i\u00e7in hasta yakla\u015f\u0131k 2 g\u00fcn dikkatli olmal\u0131d\u0131r. Ameliyattan sonra diyet dahil dikkat edilmesi gereken her \u015fey s\u00f6zl\u00fc ve yaz\u0131l\u0131 olarak hastaya sunulur.<\/p>\n<p>Hasta \u00f6ncelikle uygun ve g\u00fcvenilir bir sa\u00e7 ekim klini\u011fini tercih etmelidir. Se\u00e7im s\u0131ras\u0131nda hasta sa\u00e7 ekiminden ne bekledi\u011fini ve olas\u0131 sonu\u00e7lar\u0131n neler oldu\u011funu klinik doktoru ile konu\u015fmal\u0131d\u0131r. Hastan\u0131n sa\u00e7 analizi tamamlan\u0131r ve sa\u00e7 k\u00f6klerinin say\u0131s\u0131 ve ekim yap\u0131lacak b\u00f6lge i\u00e7in ne kadar sa\u00e7 k\u00f6k\u00fcne ihtiya\u00e7 oldu\u011fu tart\u0131\u015f\u0131l\u0131r. Doktor t\u00fcm detaylar\u0131 anlat\u0131r ve hastan\u0131n operasyonla ilgili t\u00fcm sorular\u0131 yan\u0131tlan\u0131r.<\/p>\n<p>Doktor tavsiyesine ba\u011fl\u0131 olarak t\u00fcm kan suland\u0131r\u0131c\u0131lar operasyondan 5 g\u00fcn \u00f6nce kesilmelidir. Ayr\u0131ca operasyon \u00f6ncesi alkoll\u00fc i\u00e7ecekler, kafeinli i\u00e7ecekler ve sigaradan uzak durulmal\u0131d\u0131r. Operasyon g\u00fcn\u00fc sa\u00e7lar y\u0131kanmal\u0131 ve herhangi bir kozmetik \u00fcr\u00fcn uygulanmamal\u0131d\u0131r. Ayr\u0131ca operasyon lokal anestezi alt\u0131nda yap\u0131ld\u0131\u011f\u0131ndan hasta \u00f6nceden yemek yenmelidir.<\/p>\n<h2>Ameliyattan sonra iyile\u015fme nas\u0131l olur?<\/h2>\n<p>Sa\u00e7 ekimi operasyonu tamamland\u0131ktan sonra ertesi g\u00fcn yaraya antiseptik pansuman yap\u0131l\u0131r. Sa\u00e7 ekim ekibi sa\u00e7lar\u0131n nas\u0131l y\u0131kanmas\u0131 gerekti\u011fini detayl\u0131 bir \u015fekilde anlat\u0131r. \u0130lk 10 g\u00fcn boyunca bu \u00f6zel y\u0131kama y\u00f6ntemi uygulan\u0131r. Bu s\u00fcre\u00e7teki t\u00fcm bilgiler dikkate al\u0131nmal\u0131 ve uygulanmal\u0131d\u0131r. \u0130lk 10 g\u00fcn ekim yap\u0131lan b\u00f6lgede ekibin belirtti\u011fi gibi kabuklanma olur. Bu s\u00fcre\u00e7te mutlaka hekime ve ekibe foto\u011fraflar g\u00f6nderilmelidir. Vitaminler ve ila\u00e7lar tarif edildi\u011fi \u015fekilde kullan\u0131lmal\u0131d\u0131r.<\/p>\n<p>Operasyondan 2 hafta sonra \u00f6nerilen \u015fampuan ile normal y\u0131kamaya ge\u00e7ilebilir. Ekim yap\u0131lan b\u00f6lge 2 hafta boyunca \u00e7izilmemeli veya bu b\u00f6lge darbelerden korunmal\u0131d\u0131r. 5-10 g\u00fcn i\u00e7erisinde ekim yap\u0131lan alan iyile\u015fir. Ameliyattan sonra doktorun tavsiyesine ba\u011fl\u0131 olarak dokuyu beslemek i\u00e7in kan suland\u0131r\u0131c\u0131 ila\u00e7 kullan\u0131lmal\u0131d\u0131r. Bu \u00f6neriler uyguland\u0131\u011f\u0131nda sonu\u00e7lar tatmin edici olacakt\u0131r.<\/p>\n","protected":false},"excerpt":{"rendered":"<p>\u00c7e\u015fitli nedenlerle sa\u00e7 d\u00f6k\u00fclmesi ya\u015fayan ki\u015filer bu sorunu \u00e7\u00f6zmek i\u00e7in sa\u00e7 ekimini tercih etmektedirler. Sa\u00e7 d\u00f6k\u00fclmesi olumsuz psikoloji ve \u00f6zg\u00fcven<\/p>\n","protected":false},"author":24,"featured_media":8501,"comment_status":"closed","ping_status":"open","sticky":false,"template":"","format":"standard","meta":{"content-type":"","footnotes":""},"categories":[347],"tags":[],"class_list":["post-8500","post","type-post","status-publish","format-standard","has-post-thumbnail","hentry","category-sac-ekimi-makaleler"],"_links":{"self":[{"href":"https:\/\/estenbulhealth.com\/tr\/wp-json\/wp\/v2\/posts\/8500","targetHints":{"allow":["GET"]}}],"collection":[{"href":"https:\/\/estenbulhealth.com\/tr\/wp-json\/wp\/v2\/posts"}],"about":[{"href":"https:\/\/estenbulhealth.com\/tr\/wp-json\/wp\/v2\/types\/post"}],"author":[{"embeddable":true,"href":"https:\/\/estenbulhealth.com\/tr\/wp-json\/wp\/v2\/users\/24"}],"replies":[{"embeddable":true,"href":"https:\/\/estenbulhealth.com\/tr\/wp-json\/wp\/v2\/comments?post=8500"}],"version-history":[{"count":1,"href":"https:\/\/estenbulhealth.com\/tr\/wp-json\/wp\/v2\/posts\/8500\/revisions"}],"predecessor-version":[{"id":37815,"href":"https:\/\/estenbulhealth.com\/tr\/wp-json\/wp\/v2\/posts\/8500\/revisions\/37815"}],"wp:featuredmedia":[{"embeddable":true,"href":"https:\/\/estenbulhealth.com\/tr\/wp-json\/wp\/v2\/media\/8501"}],"wp:attachment":[{"href":"https:\/\/estenbulhealth.com\/tr\/wp-json\/wp\/v2\/media?parent=8500"}],"wp:term":[{"taxonomy":"category","embeddable":true,"href":"https:\/\/estenbulhealth.com\/tr\/wp-json\/wp\/v2\/categories?post=8500"},{"taxonomy":"post_tag","embeddable":true,"href":"https:\/\/estenbulhealth.com\/tr\/wp-json\/wp\/v2\/tags?post=8500"}],"curies":[{"name":"wp","href":"https:\/\/api.w.org\/{rel}","templated":true}]}}