{"id":8489,"date":"2018-09-06T16:49:56","date_gmt":"2018-09-06T13:49:56","guid":{"rendered":"https:\/\/estenbulhealth.com\/hair-transplant-turkey\/\/how-is-hair-transplant-operation-is-applied-how-long-does-recovery-take\/"},"modified":"2023-09-19T16:27:29","modified_gmt":"2023-09-19T13:27:29","slug":"sac-ekimi-islemi-nasil-yapilir-iyilesme-ne-kadar-surer","status":"publish","type":"post","link":"https:\/\/estenbulhealth.com\/tr\/blog\/sac-ekimi-islemi-nasil-yapilir-iyilesme-ne-kadar-surer\/","title":{"rendered":"Sa\u00e7 Ekimi \u0130\u015flemi Nas\u0131l Yap\u0131l\u0131r? \u0130yile\u015fme Ne Kadar S\u00fcrer?"},"content":{"rendered":"\n<p>Bir\u00e7ok ki\u015fi sa\u00e7 ekimi ameliyat\u0131 terimini kullanmas\u0131na ra\u011fmen, sa\u00e7 ekimi operasyonlar\u0131 cerrahi olmayan restorasyon s\u00fcre\u00e7leri olarak kabul edilmektedir. Normal cerrahiden farkl\u0131 olarak, operasyon s\u0131ras\u0131nda sadece lokal anestezi uygulan\u0131r. Sa\u00e7 ekimi operasyonunun temel amac\u0131 sa\u00e7 d\u00f6k\u00fclmesi problemini \u00e7\u00f6zmektir. Sa\u00e7 d\u00f6k\u00fclmesine ek olarak, sakal, b\u0131y\u0131k ve ka\u015flara sa\u00e7 implantlar\u0131 uygulanabilir. Hastalar\u0131n \u00e7o\u011fu erkeklerden olu\u015furken, kad\u0131nlar da ka\u015f nakli operasyonlar\u0131n\u0131 se\u00e7iyorlar.<\/p>\n\n\n\n<p>Genel olarak, hastalar\u0131n sa\u00e7 ekimi ile ilgili bir\u00e7ok sorular\u0131 vard\u0131r. Hastalar taraf\u0131ndan s\u0131k\u00e7a sorulan baz\u0131 \u00f6nemli sorular\u0131 toplad\u0131k. Bu \u015fekilde hastalar prosed\u00fcr\u00fc \u00f6\u011frenebilir ve bu s\u00fcre\u00e7te ne beklemeleri gerekti\u011fini bilebilirler.<\/p>\n\n\n\n<h2 class=\"wp-block-heading\">Sa\u00e7 Ekimi Cerrahisi Sa\u00e7 D\u00f6k\u00fclmesi \u0130\u00e7in Kal\u0131c\u0131 \u00c7\u00f6z\u00fcm m\u00fc?<\/h2>\n\n\n\n<p>Birincisi, en pop\u00fcler soru sa\u00e7 ekimi ameliyat\u0131n\u0131n kal\u0131c\u0131 olup olmad\u0131\u011f\u0131d\u0131r. Sa\u00e7 ekiminde sa\u00e7 hastadan al\u0131n\u0131r ve etkilenen b\u00f6lgeye implante edilir. Sa\u00e7, ba\u015f\u0131n arkas\u0131 olan kafa derisinin en dayan\u0131kl\u0131 k\u0131sm\u0131ndan topland\u0131\u011f\u0131ndan, yeni implante edilmi\u015f sa\u00e7lar\u0131n d\u00fc\u015fme olas\u0131l\u0131\u011f\u0131 minimumdur.<\/p>\n\n\n\n<p>Genellikle bir bu\u00e7uk y\u0131l sonra sa\u00e7 ekimi yap\u0131lan b\u00f6lgede kal\u0131c\u0131 olarak uzamaya ba\u015flar. Ekilen sa\u00e7lar hastan\u0131n sa\u00e7lar\u0131yla ayn\u0131 \u00f6zelliklere sahiptir. Bu nedenle, renk uyumu veya g\u00fcc\u00fc ile ilgili bir sorun yoktur.<\/p>\n\n\n\n<h2 class=\"wp-block-heading\">Prosed\u00fcrde Hangi Ad\u0131mlar \u0130zleniyor?<\/h2>\n\n\n\n<p>Bir di\u011fer yayg\u0131n soru da sa\u00e7 ekimi ameliyat\u0131n\u0131n nas\u0131l yap\u0131ld\u0131\u011f\u0131d\u0131r. Buna ba\u011fl\u0131. Farkl\u0131 y\u00f6ntemler vard\u0131r. Bu nedenle, her prosed\u00fcr birbirinden farkl\u0131d\u0131r. En pop\u00fcler y\u00f6ntemlerden ikisini ele alal\u0131m.<\/p>\n\n\n\n<p>FUE veya folik\u00fcler \u00fcnite ekstraksiyonu, sa\u00e7 greftlerinin ba\u015f\u0131n arkas\u0131ndan topland\u0131\u011f\u0131 bir y\u00f6ntemdir. Greftler, verici alana minimum hasar verecek \u015fekilde tek tek toplan\u0131r. Bundan sonra toplanan sa\u00e7lar, sa\u00e7 d\u00f6k\u00fclmesi olan alan olan al\u0131c\u0131 alan\u0131na nakledilir. Her iki ad\u0131mda da \u00f6zel aletler kullan\u0131l\u0131r ve verici ve al\u0131c\u0131 b\u00f6lgesine lokal anestezi uygulan\u0131r. FUT veya folik\u00fcler sa\u00e7 al\u0131m y\u00f6ntemi FUE&#8217;ye benzer. Ancak bu y\u00f6ntemde, sa\u00e7 \u015feritleri kesi ile al\u0131n\u0131r ve nakledilir. Tek fark FUT&#8217;ta, diki\u015f ihtiyac\u0131 var ve iyile\u015fme genellikle daha uzun s\u00fcr\u00fcyor.<\/p>\n\n\n\n<h2 class=\"wp-block-heading\">\u0130yile\u015fme Ne Kadar S\u00fcrer?<\/h2>\n\n\n\n<p>FUE y\u00f6nteminde, tam iyile\u015fme birka\u00e7 ay s\u00fcrer. Ancak sa\u00e7 b\u00fcy\u00fcmesi yakla\u015f\u0131k bir y\u0131l i\u00e7inde tamamlanacak. \u0130yile\u015fme s\u0131ras\u0131nda, ilk birka\u00e7 hafta i\u00e7inde, verici ve al\u0131c\u0131 b\u00f6lgelerdeki kabuklar d\u00fc\u015fecektir. Bu d\u00f6nemde doktorun talimatlar\u0131na uymak \u00f6nemlidir.<\/p>\n\n\n\n<p>Bu s\u00fcreden sonra \u015fok kayb\u0131 denilen sa\u00e7 d\u00f6k\u00fclmesi olacakt\u0131r. \u015eok kayb\u0131 normaldir ve endi\u015felenecek bir \u015fey yoktur. \u015eok kayb\u0131 s\u00fcresi tamamland\u0131\u011f\u0131nda sa\u00e7lar b\u00fcy\u00fcmeye ba\u015flar. \u0130lk ba\u015fta, sa\u00e7 b\u00fcy\u00fcmesi d\u00fczensiz olacakt\u0131r. Normal sa\u00e7 b\u00fcy\u00fcmesi yakla\u015f\u0131k bir y\u0131l i\u00e7inde ba\u015flayacakt\u0131r. Hastalar endi\u015felenmemeli ve sonu\u00e7lar\u0131 g\u00f6rmek i\u00e7in sab\u0131rl\u0131 olmal\u0131d\u0131r.<\/p>\n\n\n\n<h2 class=\"wp-block-heading\">Hastalar Ameliyat Sonras\u0131 Nelere Dikkat Etmelidir?<\/h2>\n\n\n\n<p>Sa\u00e7 ekimi ameliyat\u0131ndan sonra, hastalar nakledilen b\u00f6lgeyi d\u0131\u015f hasarlardan ve kuvvetlerden korumal\u0131d\u0131r. \u0130lk birka\u00e7 g\u00fcn boyunca, t\u00fcm zararlar\u0131 \u00f6nlemek i\u00e7in \u00f6zel bandajlar giyilir. Ayr\u0131ca, greftlerin zarar g\u00f6rmesini \u00f6nlemek i\u00e7in belirli bir s\u00fcre \u015fapka takmak yasakt\u0131r.<\/p>\n\n\n\n<p>Ek olarak, hastalar sa\u00e7lar\u0131n\u0131 y\u0131karken \u00f6zel \u015fampuanlar ve kremler kullanmal\u0131d\u0131r. Ekilen sa\u00e7lara zarar vermemek i\u00e7in doktorun y\u0131kama talimatlar\u0131n\u0131 takip etmeleri gerekir. Bu talimatlar takip edildi\u011finde sonu\u00e7lar ba\u015far\u0131l\u0131 olacakt\u0131r.<\/p>\n","protected":false},"excerpt":{"rendered":"<p>Bir\u00e7ok ki\u015fi sa\u00e7 ekimi ameliyat\u0131 terimini kullanmas\u0131na ra\u011fmen, sa\u00e7 ekimi operasyonlar\u0131 cerrahi olmayan restorasyon s\u00fcre\u00e7leri olarak kabul edilmektedir. Normal cerrahiden<\/p>\n","protected":false},"author":24,"featured_media":8490,"comment_status":"closed","ping_status":"open","sticky":false,"template":"","format":"standard","meta":{"content-type":"","footnotes":""},"categories":[347],"tags":[],"class_list":["post-8489","post","type-post","status-publish","format-standard","has-post-thumbnail","hentry","category-sac-ekimi-makaleler"],"_links":{"self":[{"href":"https:\/\/estenbulhealth.com\/tr\/wp-json\/wp\/v2\/posts\/8489","targetHints":{"allow":["GET"]}}],"collection":[{"href":"https:\/\/estenbulhealth.com\/tr\/wp-json\/wp\/v2\/posts"}],"about":[{"href":"https:\/\/estenbulhealth.com\/tr\/wp-json\/wp\/v2\/types\/post"}],"author":[{"embeddable":true,"href":"https:\/\/estenbulhealth.com\/tr\/wp-json\/wp\/v2\/users\/24"}],"replies":[{"embeddable":true,"href":"https:\/\/estenbulhealth.com\/tr\/wp-json\/wp\/v2\/comments?post=8489"}],"version-history":[{"count":1,"href":"https:\/\/estenbulhealth.com\/tr\/wp-json\/wp\/v2\/posts\/8489\/revisions"}],"predecessor-version":[{"id":37813,"href":"https:\/\/estenbulhealth.com\/tr\/wp-json\/wp\/v2\/posts\/8489\/revisions\/37813"}],"wp:featuredmedia":[{"embeddable":true,"href":"https:\/\/estenbulhealth.com\/tr\/wp-json\/wp\/v2\/media\/8490"}],"wp:attachment":[{"href":"https:\/\/estenbulhealth.com\/tr\/wp-json\/wp\/v2\/media?parent=8489"}],"wp:term":[{"taxonomy":"category","embeddable":true,"href":"https:\/\/estenbulhealth.com\/tr\/wp-json\/wp\/v2\/categories?post=8489"},{"taxonomy":"post_tag","embeddable":true,"href":"https:\/\/estenbulhealth.com\/tr\/wp-json\/wp\/v2\/tags?post=8489"}],"curies":[{"name":"wp","href":"https:\/\/api.w.org\/{rel}","templated":true}]}}