{"id":8443,"date":"2019-05-04T03:18:35","date_gmt":"2019-05-04T00:18:35","guid":{"rendered":"https:\/\/estenbulhealth.com\/hair-transplant-turkey\/\/hair-transplants-during-your-20s\/"},"modified":"2023-09-19T16:26:02","modified_gmt":"2023-09-19T13:26:02","slug":"20li-yaslarinizda-sac-ekimi","status":"publish","type":"post","link":"https:\/\/estenbulhealth.com\/tr\/blog\/20li-yaslarinizda-sac-ekimi\/","title":{"rendered":"20&#8217;li Ya\u015flar\u0131n\u0131zda Sa\u00e7 Ekimi"},"content":{"rendered":"<p>20&#8217;li ya\u015flar\u0131n\u0131z\u0131n ba\u015flar\u0131nda sa\u00e7 d\u00f6k\u00fclmesi ya\u015fayabilirsiniz. Bu sizi sinirlendirebilir ve hatta depresyona sokabilir. B\u00f6yle erken ya\u015flarda sa\u00e7 d\u00f6k\u00fclmesinin istenmeyen bir durum oldu\u011fu do\u011frudur. Yine de, 20&#8217;li ya\u015flar\u0131n\u0131zda sa\u00e7 ekimi yapmak \u00e7ok erken olabilir.<\/p>\n<p>Sa\u00e7 ekimi yapmaya karar vermeden \u00f6nce dikkate alman\u0131z gereken birka\u00e7 \u015fey vard\u0131r. Bu noktada, ya\u015f \u00f6nemli bir rol oynamaktad\u0131r. Sa\u00e7 ekimine \u00e7ok erken sahip olmak, onar\u0131lamaz hasara neden olabilir. Bu nedenle, bu karar\u0131 vermeden \u00f6nce bir doktora dan\u0131\u015fman\u0131z gerekir.<\/p>\n<h2>20&#8217;li Ya\u015flar\u0131n\u0131zda Sa\u00e7 Ekimi Yapmak Erken mi?<\/h2>\n<p>Olabilir. Sa\u00e7 ekimi karar\u0131n\u0131 etkileyen birka\u00e7 fakt\u00f6r vard\u0131r. Uzmanlara g\u00f6re, sa\u00e7 ekimi yapmak istiyorsan\u0131z belirli bir sa\u00e7 d\u00f6k\u00fclmesi seviyesini tamamlaman\u0131z gerekiyor. Hala \u00f6nemli miktarda sa\u00e7 d\u00f6k\u00fclmesi ya\u015f\u0131yorsan\u0131z, bu sa\u00e7 ekimini \u00f6nleyebilir. Bunun birka\u00e7 nedeni var.<\/p>\n<h2>Eksik Sa\u00e7 D\u00f6k\u00fclmesi<\/h2>\n<p>Sa\u00e7 d\u00f6k\u00fclmeniz 30&#8217;lu ya\u015flar\u0131n ortalar\u0131na kadar ve hatta 40&#8217;l\u0131 y\u0131llar\u0131n ortalar\u0131na kadar devam edebilir. 20&#8217;li ya\u015flar\u0131n ba\u015flar\u0131nda sa\u00e7 ekiminiz varsa, yine de sa\u00e7 d\u00f6k\u00fclmesi olacakt\u0131r. Ve ekilen sa\u00e7lar\u0131n\u0131zla sa\u00e7 d\u00f6k\u00fclmesi aras\u0131nda tutars\u0131zl\u0131klar olacakt\u0131r.<\/p>\n<p>Erken sa\u00e7 ekiminin temel sorunlar\u0131ndan biri, ekilen sa\u00e7lar ile orijinal sa\u00e7lar\u0131n\u0131z aras\u0131nda bo\u015fluklar olabilmesidir. Sa\u00e7 ekiminden sonra, orijinal sa\u00e7lar\u0131n\u0131zda sa\u00e7 d\u00f6k\u00fclmesi olabilir. Ekilen sa\u00e7lar kal\u0131c\u0131 oldu\u011fundan, bu bo\u015fluk \u00e7ekici olmayan bir g\u00f6r\u00fcn\u00fcme yol a\u00e7acakt\u0131r.<\/p>\n<h2>Sa\u00e7 D\u00f6k\u00fclme Desenlerini Tan\u0131y\u0131n<\/h2>\n<p>Ayr\u0131ca, sa\u00e7 d\u00f6k\u00fclme kal\u0131plar\u0131n\u0131z\u0131 bilmek \u00f6nemlidir. 20&#8217;li ya\u015flar\u0131n\u0131zda kal\u0131b\u0131 anlaman\u0131z \u00e7ok erken olabilir. Bas\u0131k bir sa\u00e7 \u00e7izginiz varsa, doktor sa\u00e7 ekiminizi buna g\u00f6re planlamal\u0131d\u0131r. Veya ta\u00e7 b\u00f6lgenizde kel lekeleriniz varsa, bu farkl\u0131 say\u0131da greft gerektirir. Bu nedenle, sa\u00e7 d\u00f6k\u00fclmesinin nas\u0131l ger\u00e7ekle\u015fti\u011fini ve sa\u00e7 ekimine nerede ihtiyac\u0131n\u0131z oldu\u011funu bilmek \u00f6nemlidir.<\/p>\n","protected":false},"excerpt":{"rendered":"<p>20&#8217;li ya\u015flar\u0131n\u0131z\u0131n ba\u015flar\u0131nda sa\u00e7 d\u00f6k\u00fclmesi ya\u015fayabilirsiniz. Bu sizi sinirlendirebilir ve hatta depresyona sokabilir. B\u00f6yle erken ya\u015flarda sa\u00e7 d\u00f6k\u00fclmesinin istenmeyen bir<\/p>\n","protected":false},"author":24,"featured_media":8444,"comment_status":"closed","ping_status":"open","sticky":false,"template":"","format":"standard","meta":{"content-type":"","footnotes":""},"categories":[347],"tags":[],"class_list":["post-8443","post","type-post","status-publish","format-standard","has-post-thumbnail","hentry","category-sac-ekimi-makaleler"],"_links":{"self":[{"href":"https:\/\/estenbulhealth.com\/tr\/wp-json\/wp\/v2\/posts\/8443","targetHints":{"allow":["GET"]}}],"collection":[{"href":"https:\/\/estenbulhealth.com\/tr\/wp-json\/wp\/v2\/posts"}],"about":[{"href":"https:\/\/estenbulhealth.com\/tr\/wp-json\/wp\/v2\/types\/post"}],"author":[{"embeddable":true,"href":"https:\/\/estenbulhealth.com\/tr\/wp-json\/wp\/v2\/users\/24"}],"replies":[{"embeddable":true,"href":"https:\/\/estenbulhealth.com\/tr\/wp-json\/wp\/v2\/comments?post=8443"}],"version-history":[{"count":1,"href":"https:\/\/estenbulhealth.com\/tr\/wp-json\/wp\/v2\/posts\/8443\/revisions"}],"predecessor-version":[{"id":37806,"href":"https:\/\/estenbulhealth.com\/tr\/wp-json\/wp\/v2\/posts\/8443\/revisions\/37806"}],"wp:featuredmedia":[{"embeddable":true,"href":"https:\/\/estenbulhealth.com\/tr\/wp-json\/wp\/v2\/media\/8444"}],"wp:attachment":[{"href":"https:\/\/estenbulhealth.com\/tr\/wp-json\/wp\/v2\/media?parent=8443"}],"wp:term":[{"taxonomy":"category","embeddable":true,"href":"https:\/\/estenbulhealth.com\/tr\/wp-json\/wp\/v2\/categories?post=8443"},{"taxonomy":"post_tag","embeddable":true,"href":"https:\/\/estenbulhealth.com\/tr\/wp-json\/wp\/v2\/tags?post=8443"}],"curies":[{"name":"wp","href":"https:\/\/api.w.org\/{rel}","templated":true}]}}