{"id":8341,"date":"2019-06-20T06:18:13","date_gmt":"2019-06-20T03:18:13","guid":{"rendered":"https:\/\/estenbulhealth.com\/hair-transplant-turkey\/\/what-is-hair-transplant\/"},"modified":"2023-09-19T16:22:37","modified_gmt":"2023-09-19T13:22:37","slug":"sac-ekimi-nedir","status":"publish","type":"post","link":"https:\/\/estenbulhealth.com\/tr\/blog\/sac-ekimi-nedir\/","title":{"rendered":"Sa\u00e7 Ekimi Nedir?"},"content":{"rendered":"<p>Sa\u00e7 ekimi, hastalar\u0131n ya\u015fad\u0131\u011f\u0131 sa\u00e7 d\u00f6k\u00fclmesini azaltmak i\u00e7in cerrahi bir i\u015flemdir. Bu prosed\u00fcrde sa\u00e7 k\u00f6kleri kafa derisinin t\u00fcyl\u00fc k\u0131sm\u0131ndan \u00e7\u0131kar\u0131l\u0131r. Daha sonra bu folik\u00fcller sa\u00e7 d\u00f6k\u00fclmesi olan b\u00f6lgelere nakledilir.<\/p>\n<p>Daha basit bir ifadeyle, sa\u00e7 ekimi, sa\u00e7lar\u0131n\u0131z\u0131n kel b\u00f6lgelerde tekrar b\u00fcy\u00fcmesini sa\u011flayan bir i\u015flemdir. Kellik hem erkekler hem de kad\u0131nlar i\u00e7in ger\u00e7ek bir sorun olabilir. Bununla birlikte, teknolojideki ilerlemeyle ve yenilik\u00e7i y\u00f6ntemlerin tan\u0131t\u0131lmas\u0131yla bir \u00e7\u00f6z\u00fcm bulmak m\u00fcmk\u00fcnd\u00fcr.<\/p>\n<h2 class=\"fusion-responsive-typography-calculated\" data-fontsize=\"30\" data-lineheight=\"37.5px\">Sa\u00e7 Ekimine Kimin \u0130htiyac\u0131 Var?<\/h2>\n<p>Sa\u00e7 d\u00f6k\u00fclmesi ya\u015f\u0131yorsan\u0131z, sa\u00e7 ekimi operasyonu i\u00e7in iyi bir aday olabilirsiniz. Ancak dikkate al\u0131nmas\u0131 gereken baz\u0131 kriterler vard\u0131r. Genellikle, bu operasyon androjen sa\u00e7 d\u00f6k\u00fclmesi i\u00e7in en iyi sonu\u00e7lar\u0131 verir. Bu sa\u00e7 d\u00f6k\u00fclmesi hem erkeklerde hem de kad\u0131nlarda olabilir.<\/p>\n<p>Ayr\u0131ca, di\u011fer cilt ve sa\u00e7 durumlar\u0131ndan dolay\u0131 sa\u00e7 d\u00f6k\u00fclmesi olabilir. En iyi sonu\u00e7lar i\u00e7in, \u00f6nce bu ko\u015fullar\u0131n tedavi edilmesi gerekir. Sa\u00e7 derisinde herhangi bir cilt hastal\u0131\u011f\u0131n\u0131 tedavi etmeden \u00f6nce sa\u00e7 ameliyat\u0131 yapmak m\u00fcmk\u00fcn de\u011fildir.<\/p>\n<p>T\u00fcm bu kriterleri de\u011ferlendirdikten sonra, hastalar sa\u00e7 ekimi operasyonlar\u0131n\u0131 ay\u0131rt edebilirler. \u0130\u015fleme ba\u015flamadan \u00f6nce her ayr\u0131nt\u0131y\u0131 dikkate almak \u00f6nemlidir. Bu ba\u015far\u0131 \u015fans\u0131n\u0131 art\u0131racakt\u0131r.<\/p>\n<h2 class=\"fusion-responsive-typography-calculated\" data-fontsize=\"30\" data-lineheight=\"37.5px\">Sa\u00e7 Ekimi Sonu\u00e7lar\u0131 Kal\u0131c\u0131 m\u0131d\u0131r?<\/h2>\n<p>Sa\u00e7 ekiminin sonu\u00e7lar\u0131 kal\u0131c\u0131d\u0131r. Yeni nakledilen sa\u00e7lar ameliyattan sonra d\u00fc\u015fecektir. Ancak bu normal prosed\u00fcrd\u00fcr. Yeni sa\u00e7lar alt\u0131 ay sonra b\u00fcy\u00fcmeye ba\u015flayacakt\u0131r. Tam sa\u00e7 b\u00fcy\u00fcmesi genellikle 1 ila 1.5 y\u0131l s\u00fcrer. Ancak alt\u0131 ay sonra yeni sa\u00e7lar g\u00f6r\u00fcnmeye ba\u015flayacak. T\u00fcm nakledilen sa\u00e7lar b\u00fcy\u00fcd\u00fc\u011f\u00fcnde, bu sa\u00e7lar kal\u0131c\u0131 olarak orada kal\u0131r.<\/p>\n<h2 class=\"fusion-responsive-typography-calculated\" data-fontsize=\"30\" data-lineheight=\"37.5px\">Sa\u00e7 Ekimi A\u011fr\u0131l\u0131 m\u0131?<\/h2>\n<p>Operasyon s\u0131ras\u0131nda hastalara lokal anestezi uygulan\u0131r. Bu nedenle hastalar ameliyat s\u0131ras\u0131nda hi\u00e7bir \u015fey hissetmezler. Ameliyattan sonra birka\u00e7 g\u00fcn hafif a\u011fr\u0131 olabilir. Bu ac\u0131 normal. Doktor, p\u00fcr\u00fczs\u00fcz ve a\u011fr\u0131s\u0131z bir iyile\u015fme s\u00fcreci sa\u011flamak i\u00e7in a\u011fr\u0131 kesicileri re\u00e7ete edecektir.<\/p>\n","protected":false},"excerpt":{"rendered":"<p>Sa\u00e7 ekimi, hastalar\u0131n ya\u015fad\u0131\u011f\u0131 sa\u00e7 d\u00f6k\u00fclmesini azaltmak i\u00e7in cerrahi bir i\u015flemdir. Bu prosed\u00fcrde sa\u00e7 k\u00f6kleri kafa derisinin t\u00fcyl\u00fc k\u0131sm\u0131ndan \u00e7\u0131kar\u0131l\u0131r.<\/p>\n","protected":false},"author":24,"featured_media":8342,"comment_status":"closed","ping_status":"open","sticky":false,"template":"","format":"standard","meta":{"content-type":"","footnotes":""},"categories":[347],"tags":[],"class_list":["post-8341","post","type-post","status-publish","format-standard","has-post-thumbnail","hentry","category-sac-ekimi-makaleler"],"_links":{"self":[{"href":"https:\/\/estenbulhealth.com\/tr\/wp-json\/wp\/v2\/posts\/8341","targetHints":{"allow":["GET"]}}],"collection":[{"href":"https:\/\/estenbulhealth.com\/tr\/wp-json\/wp\/v2\/posts"}],"about":[{"href":"https:\/\/estenbulhealth.com\/tr\/wp-json\/wp\/v2\/types\/post"}],"author":[{"embeddable":true,"href":"https:\/\/estenbulhealth.com\/tr\/wp-json\/wp\/v2\/users\/24"}],"replies":[{"embeddable":true,"href":"https:\/\/estenbulhealth.com\/tr\/wp-json\/wp\/v2\/comments?post=8341"}],"version-history":[{"count":1,"href":"https:\/\/estenbulhealth.com\/tr\/wp-json\/wp\/v2\/posts\/8341\/revisions"}],"predecessor-version":[{"id":37786,"href":"https:\/\/estenbulhealth.com\/tr\/wp-json\/wp\/v2\/posts\/8341\/revisions\/37786"}],"wp:featuredmedia":[{"embeddable":true,"href":"https:\/\/estenbulhealth.com\/tr\/wp-json\/wp\/v2\/media\/8342"}],"wp:attachment":[{"href":"https:\/\/estenbulhealth.com\/tr\/wp-json\/wp\/v2\/media?parent=8341"}],"wp:term":[{"taxonomy":"category","embeddable":true,"href":"https:\/\/estenbulhealth.com\/tr\/wp-json\/wp\/v2\/categories?post=8341"},{"taxonomy":"post_tag","embeddable":true,"href":"https:\/\/estenbulhealth.com\/tr\/wp-json\/wp\/v2\/tags?post=8341"}],"curies":[{"name":"wp","href":"https:\/\/api.w.org\/{rel}","templated":true}]}}