{"id":8311,"date":"2019-07-25T02:04:33","date_gmt":"2019-07-24T23:04:33","guid":{"rendered":"https:\/\/estenbulhealth.com\/hair-transplant-turkey\/\/hair-transplant-recovery-process\/"},"modified":"2023-09-19T16:21:34","modified_gmt":"2023-09-19T13:21:34","slug":"sac-ekimi-iyilesme-sureci","status":"publish","type":"post","link":"https:\/\/estenbulhealth.com\/tr\/blog\/sac-ekimi-iyilesme-sureci\/","title":{"rendered":"Sa\u00e7 Ekimi \u0130yile\u015fme S\u00fcreci"},"content":{"rendered":"<p>Hastalar ameliyat sonras\u0131 sa\u00e7 ekimi iyile\u015fme s\u00fcrecini merak ediyorlar. Di\u011fer t\u00fcm kozmetik i\u015flemler gibi sa\u00e7 ekiminden sonra da zamana ihtiyac\u0131n\u0131z olacakt\u0131r. Sa\u00e7 ekimi y\u00f6nteminden ba\u011f\u0131ms\u0131z olarak, t\u00fcm iyile\u015fme s\u00fcreciniz biraz zaman alacakt\u0131r.<\/p>\n<p>Sa\u00e7 ekimi sa\u00e7 d\u00f6k\u00fclmesine kal\u0131c\u0131 bir \u00e7\u00f6z\u00fcm sunar. \u00c7o\u011fu durumda, sa\u00e7 d\u00f6k\u00fclmesinin olumsuz psikolojik etkileri olabilir. Bu nedenle, hem erkekler hem de kad\u0131nlar sa\u00e7lar\u0131n\u0131 restore etmeyi d\u00fc\u015f\u00fcn\u00fcyorlar. Ameliyat\u0131n\u0131za karar vermeden \u00f6nce, iyile\u015fme s\u00fcrecinin ayr\u0131nt\u0131lar\u0131n\u0131 bilmeniz gerekir. Bu \u015fekilde ameliyathaneye gitmeden \u00f6nce ne bekleyece\u011finizi bileceksiniz.<\/p>\n<h2>Sa\u00e7 Ekimi Onar\u0131m\u0131 Ne Kadar S\u00fcrer?<\/h2>\n<p>Genel olarak, tam sa\u00e7 b\u00fcy\u00fcmesi bir y\u0131la kadar s\u00fcrebilir. Bu normaldir ve endi\u015felenecek bir \u015fey yoktur. Yeni sa\u00e7 k\u00f6klerinizin yeni yerlerine uyum sa\u011flamas\u0131 i\u00e7in biraz zamana ihtiyac\u0131 vard\u0131r. Bu anlamda, ger\u00e7ek sa\u00e7 ekimi sonu\u00e7lar\u0131n\u0131 g\u00f6rmek i\u00e7in en az 6 ay gerekir.<\/p>\n<p>Bu arada, doktorunuzun t\u00fcm talimatlar\u0131n\u0131 izlemeniz gerekir. Bu talimatlar daha iyi iyile\u015fme sa\u011flayacakt\u0131r. Ayr\u0131ca, bu talimatlar\u0131 izledi\u011finizde sa\u00e7lar\u0131n\u0131z sa\u011fl\u0131kl\u0131 bir \u015fekilde b\u00fcy\u00fcyecektir. Ameliyat sonras\u0131 sa\u00e7\u0131n\u0131z\u0131n bak\u0131m\u0131, ba\u015far\u0131l\u0131 sa\u00e7 ekimi operasyonu i\u00e7in anahtar fakt\u00f6rd\u00fcr.<\/p>\n<h2 class=\"fusion-responsive-typography-calculated\" data-fontsize=\"30\" data-lineheight=\"37.5px\">G\u00fcnl\u00fck Ya\u015fam\u0131ma Ne Zaman D\u00f6nebilirim?<\/h2>\n<p>Ameliyattan 3 g\u00fcn sonra g\u00fcnl\u00fck ya\u015fam\u0131n\u0131za geri d\u00f6nebilirsiniz. Tabii ki, bir s\u00fcre k\u0131s\u0131tlamalar olacak. \u0130lk \u00fc\u00e7 g\u00fcn i\u00e7inde doktor dinlenmenizi tavsiye edecektir. Bu \u015fekilde enfeksiyon veya travma \u015fans\u0131n\u0131z\u0131 en aza indirirsiniz. 3 g\u00fcn sonra klini\u011fi ziyaret etmeniz gerekir. Yeni sa\u00e7lar\u0131n\u0131z ilk kez y\u0131kanacakt\u0131r. Bu a\u015famada, ameliyattan sonra sa\u00e7\u0131n\u0131za nas\u0131l bakaca\u011f\u0131n\u0131z\u0131 da \u00f6\u011freneceksiniz.<\/p>\n<p>3 g\u00fcn sonra g\u00fcnl\u00fck hayat\u0131n\u0131za geri d\u00f6nebilirsiniz. Ancak en az 10 g\u00fcn boyunca fiziksel olarak zorlay\u0131c\u0131 faaliyetlerden ka\u00e7\u0131nman\u0131z gerekir. Sa\u00e7 ekimi iyile\u015fme s\u00fcrecinde a\u011f\u0131r sporlardan ka\u00e7\u0131nmaya \u00e7al\u0131\u015f\u0131n. Ayr\u0131ca, 10 g\u00fcn boyunca cinsel ili\u015fkiden ka\u00e7\u0131nman\u0131z gerekir.<\/p>\n<h2 class=\"fusion-responsive-typography-calculated\" data-fontsize=\"30\" data-lineheight=\"37.5px\">Sa\u00e7 Ekimi Operasyonunun Yan Etkileri Var m\u0131?<\/h2>\n<p>Genellikle sa\u00e7 ekiminin neredeyse hi\u00e7bir yan etkisi yoktur. Hastalar lokal anestezi alt\u0131nda ameliyat edildi\u011finden, genel anestezi ile ili\u015fkili bir risk yoktur. Risk fakt\u00f6r\u00fcn\u00fc azaltmak i\u00e7in \u00f6nemli olan \u015fey sa\u00e7 ekimi iyile\u015fme s\u00fcrecidir.<\/p>\n<p>Re\u00e7eteli t\u00fcm ila\u00e7lar\u0131 kullanman\u0131z gerekir. Antibiyotikler, ameliyatlar\u0131n \u00e7o\u011funda yayg\u0131n bir komplikasyon olan herhangi bir enfeksiyonu \u00f6nleyecektir. Ayr\u0131ca, enfeksiyon riskini azaltmak i\u00e7in yeni sa\u00e7lar\u0131n\u0131za dokunmaktan ka\u00e7\u0131nmal\u0131s\u0131n\u0131z. T\u00fcm bunlar\u0131 yapt\u0131\u011f\u0131n\u0131zda, sa\u011fl\u0131kl\u0131 bir iyile\u015fme s\u00fcreciniz olacakt\u0131r.<\/p>\n","protected":false},"excerpt":{"rendered":"<p>Hastalar ameliyat sonras\u0131 sa\u00e7 ekimi iyile\u015fme s\u00fcrecini merak ediyorlar. Di\u011fer t\u00fcm kozmetik i\u015flemler gibi sa\u00e7 ekiminden sonra da zamana ihtiyac\u0131n\u0131z<\/p>\n","protected":false},"author":24,"featured_media":8312,"comment_status":"closed","ping_status":"open","sticky":false,"template":"","format":"standard","meta":{"content-type":"","footnotes":""},"categories":[347],"tags":[],"class_list":["post-8311","post","type-post","status-publish","format-standard","has-post-thumbnail","hentry","category-sac-ekimi-makaleler"],"_links":{"self":[{"href":"https:\/\/estenbulhealth.com\/tr\/wp-json\/wp\/v2\/posts\/8311","targetHints":{"allow":["GET"]}}],"collection":[{"href":"https:\/\/estenbulhealth.com\/tr\/wp-json\/wp\/v2\/posts"}],"about":[{"href":"https:\/\/estenbulhealth.com\/tr\/wp-json\/wp\/v2\/types\/post"}],"author":[{"embeddable":true,"href":"https:\/\/estenbulhealth.com\/tr\/wp-json\/wp\/v2\/users\/24"}],"replies":[{"embeddable":true,"href":"https:\/\/estenbulhealth.com\/tr\/wp-json\/wp\/v2\/comments?post=8311"}],"version-history":[{"count":1,"href":"https:\/\/estenbulhealth.com\/tr\/wp-json\/wp\/v2\/posts\/8311\/revisions"}],"predecessor-version":[{"id":37778,"href":"https:\/\/estenbulhealth.com\/tr\/wp-json\/wp\/v2\/posts\/8311\/revisions\/37778"}],"wp:featuredmedia":[{"embeddable":true,"href":"https:\/\/estenbulhealth.com\/tr\/wp-json\/wp\/v2\/media\/8312"}],"wp:attachment":[{"href":"https:\/\/estenbulhealth.com\/tr\/wp-json\/wp\/v2\/media?parent=8311"}],"wp:term":[{"taxonomy":"category","embeddable":true,"href":"https:\/\/estenbulhealth.com\/tr\/wp-json\/wp\/v2\/categories?post=8311"},{"taxonomy":"post_tag","embeddable":true,"href":"https:\/\/estenbulhealth.com\/tr\/wp-json\/wp\/v2\/tags?post=8311"}],"curies":[{"name":"wp","href":"https:\/\/api.w.org\/{rel}","templated":true}]}}