{"id":8287,"date":"2019-12-23T07:52:38","date_gmt":"2019-12-23T04:52:38","guid":{"rendered":"https:\/\/estenbulhealth.com\/hair-transplant-turkey\/\/facial-hair-transplant-for-men\/"},"modified":"2023-09-19T16:20:48","modified_gmt":"2023-09-19T13:20:48","slug":"erkekler-icin-sakal-ve-biyik-ekimi","status":"publish","type":"post","link":"https:\/\/estenbulhealth.com\/tr\/blog\/erkekler-icin-sakal-ve-biyik-ekimi\/","title":{"rendered":"Erkekler i\u00e7in Sakal ve B\u0131y\u0131k Ekimi"},"content":{"rendered":"<p>Bu sakal ve b\u0131y\u0131k ekimi ile ilgili. Erkekler farkl\u0131 nedenlerle sakal veya b\u0131y\u0131k ya\u015fayabilirler. Bu t\u00fcr kay\u0131plar \u00f6zg\u00fcvenlerini azaltacakt\u0131r. Bu y\u00fczden sakal ekimi gibi bir ameliyat olmak istiyorlar.<\/p>\n<p>Kad\u0131n denilince bu operasyon ka\u015f ekimini de kapsayabilir. Ka\u015flar da sakal oldu\u011fu i\u00e7in bu operasyon bu kategoriye girer. Yeni geli\u015fmelerle sakal, b\u0131y\u0131k ve ka\u015f g\u00f6r\u00fcn\u00fcm\u00fcn\u00fc eski haline getirmek m\u00fcmk\u00fcn. Ve \u00e7o\u011fu durumda do\u011fal bir g\u00f6r\u00fcn\u00fcm elde etmek m\u00fcmk\u00fcnd\u00fcr.<\/p>\n<h2>Y\u00fcz Sa\u00e7 D\u00f6k\u00fclmesinin Nedenleri<\/h2>\n<p>Y\u00fczdeki sa\u00e7 d\u00f6k\u00fclmesinin farkl\u0131 nedenleri vard\u0131r. Baz\u0131 erkeklerin do\u011fu\u015ftan g\u00fcr sakal\u0131 veya b\u0131y\u0131\u011f\u0131 yoktur. Bu genetik ile ba\u011flant\u0131l\u0131d\u0131r. Genetiklerinde k\u0131ll\u0131 bir g\u00f6r\u00fcn\u00fcm yok. Di\u011fer durumlarda, ki\u015filerde travma nedeniyle y\u00fcz k\u0131llar\u0131 d\u00f6k\u00fclebilir.<\/p>\n<p>\u00d6rne\u011fin, yan\u0131klar veya di\u011fer travmalar y\u00fczdeki t\u00fcylerin d\u00f6k\u00fclmesine neden olabilir. Kad\u0131nlarda s\u00fcrekli ka\u015f yolma y\u00fczdeki t\u00fcylerin d\u00f6k\u00fclmesinin \u00f6nemli bir nedenidir. Y\u00fcz k\u0131l\u0131 ekimi yapt\u0131rmak i\u00e7in \u00f6nemli bir \u015fey vard\u0131r. Sa\u00e7 d\u00f6k\u00fclmesi travmaya ba\u011fl\u0131 ise, aktif bir kan dola\u015f\u0131m\u0131na ihtiya\u00e7 vard\u0131r. Yani aktif kan dola\u015f\u0131m\u0131 yoksa yeni sa\u00e7 \u00e7\u0131kamaz.<\/p>\n<h2>Sakal ve B\u0131y\u0131k Ekimi<\/h2>\n<p>Sakal ve b\u0131y\u0131k ekimi en yayg\u0131n y\u00fcz k\u0131l ekimi se\u00e7enekleridir. Bunlar sa\u00e7 ekimine son derece benzer. Sa\u00e7 ekiminde oldu\u011fu gibi sa\u00e7 greftleri toplan\u0131r ve ekilir. Bu ekimde FUE Safir y\u00f6ntemi tercih edilmektedir.<\/p>\n<p>Y\u00fczdeki cilt daha esnek oldu\u011fundan, geri tepme olas\u0131l\u0131\u011f\u0131 nedeniyle CHOI kalemleri ile implant yapmak zordur. Greftleri birer birer daha dikkatli bir \u015fekilde implante etmek daha iyidir. Doktor, sakal ve b\u0131y\u0131k \u00e7\u0131k\u0131\u015f y\u00f6n\u00fcne g\u00f6re kanallar\u0131 a\u00e7abilir. Bu y\u00f6n sa\u00e7 \u00e7\u0131k\u0131\u015f y\u00f6n\u00fcnden farkl\u0131 olabilir.<\/p>\n<h2>Ka\u015f Ekimi<\/h2>\n<p>Di\u011fer y\u00fcz k\u0131l\u0131 ekimi se\u00e7eneklerinden biri de ka\u015f ekimidir. Bu sakal ve b\u0131y\u0131k ekimine benzer. Genelde kad\u0131nlar bu nakli daha \u00e7ok tercih etmektedir. Ancak ka\u015f aral\u0131\u011f\u0131 olan erkeklerde de s\u0131k g\u00f6r\u00fclmektedir. Ka\u015f ekimi ile ka\u015fa \u015fekil vermek m\u00fcmk\u00fcnd\u00fcr. B\u00f6ylece yeni bir kemer vermek m\u00fcmk\u00fcnd\u00fcr. Ya da daha kal\u0131n ka\u015f g\u00f6r\u00fcn\u00fcm\u00fcne sahip olmak da m\u00fcmk\u00fcnd\u00fcr. Her \u015fey hastaya ve doktora ba\u011fl\u0131d\u0131r.<\/p>\n<h2>Y\u00fcze Sa\u00e7 Ekimi Yapt\u0131rman\u0131n Faydalar\u0131<\/h2>\n<p>Y\u00fcz sa\u00e7 ekimi yapt\u0131rd\u0131\u011f\u0131n\u0131zda, y\u00fcz\u00fcn\u00fczdeki bo\u015fluklar i\u00e7in art\u0131k endi\u015felenmenize gerek yok. Sakal ve b\u0131y\u0131klar\u0131n\u0131z daha dolgun g\u00f6r\u00fcnecek. Sakal ve b\u0131y\u0131klar\u0131n\u0131z daha keskin hatlara sahip olacakt\u0131r. Ya da ka\u015f\u0131n\u0131z daha kavisli ve kal\u0131n g\u00f6r\u00fcnecektir.<\/p>\n<p>B\u00fct\u00fcn bunlar kendinize olan g\u00fcveninizi art\u0131rman\u0131za yard\u0131mc\u0131 olacakt\u0131r. Bu nedenle, \u00e7o\u011fu durumda y\u00fcz k\u0131l\u0131 ekimi hastalar\u0131n kendilerini daha rahat hissetmelerine yard\u0131mc\u0131 olur. Ayr\u0131ca bu operasyonun sonu\u00e7lar\u0131 kal\u0131c\u0131d\u0131r. B\u00f6ylece sakal, b\u0131y\u0131k ve ka\u015f ekimi kal\u0131c\u0131 olacakt\u0131r.<\/p>\n","protected":false},"excerpt":{"rendered":"<p>Bu sakal ve b\u0131y\u0131k ekimi ile ilgili. Erkekler farkl\u0131 nedenlerle sakal veya b\u0131y\u0131k ya\u015fayabilirler. Bu t\u00fcr kay\u0131plar \u00f6zg\u00fcvenlerini azaltacakt\u0131r. Bu<\/p>\n","protected":false},"author":24,"featured_media":8288,"comment_status":"closed","ping_status":"open","sticky":false,"template":"","format":"standard","meta":{"content-type":"","footnotes":""},"categories":[347],"tags":[],"class_list":["post-8287","post","type-post","status-publish","format-standard","has-post-thumbnail","hentry","category-sac-ekimi-makaleler"],"_links":{"self":[{"href":"https:\/\/estenbulhealth.com\/tr\/wp-json\/wp\/v2\/posts\/8287","targetHints":{"allow":["GET"]}}],"collection":[{"href":"https:\/\/estenbulhealth.com\/tr\/wp-json\/wp\/v2\/posts"}],"about":[{"href":"https:\/\/estenbulhealth.com\/tr\/wp-json\/wp\/v2\/types\/post"}],"author":[{"embeddable":true,"href":"https:\/\/estenbulhealth.com\/tr\/wp-json\/wp\/v2\/users\/24"}],"replies":[{"embeddable":true,"href":"https:\/\/estenbulhealth.com\/tr\/wp-json\/wp\/v2\/comments?post=8287"}],"version-history":[{"count":1,"href":"https:\/\/estenbulhealth.com\/tr\/wp-json\/wp\/v2\/posts\/8287\/revisions"}],"predecessor-version":[{"id":37772,"href":"https:\/\/estenbulhealth.com\/tr\/wp-json\/wp\/v2\/posts\/8287\/revisions\/37772"}],"wp:featuredmedia":[{"embeddable":true,"href":"https:\/\/estenbulhealth.com\/tr\/wp-json\/wp\/v2\/media\/8288"}],"wp:attachment":[{"href":"https:\/\/estenbulhealth.com\/tr\/wp-json\/wp\/v2\/media?parent=8287"}],"wp:term":[{"taxonomy":"category","embeddable":true,"href":"https:\/\/estenbulhealth.com\/tr\/wp-json\/wp\/v2\/categories?post=8287"},{"taxonomy":"post_tag","embeddable":true,"href":"https:\/\/estenbulhealth.com\/tr\/wp-json\/wp\/v2\/tags?post=8287"}],"curies":[{"name":"wp","href":"https:\/\/api.w.org\/{rel}","templated":true}]}}