{"id":42290,"date":"2025-05-08T13:50:10","date_gmt":"2025-05-08T10:50:10","guid":{"rendered":"https:\/\/estenbulhealth.com\/?p=42290"},"modified":"2025-05-08T13:51:04","modified_gmt":"2025-05-08T10:51:04","slug":"sac-ekimi-sonrasi-seyrek-sac-cozumu","status":"publish","type":"post","link":"https:\/\/estenbulhealth.com\/tr\/blog\/sac-ekimi-sonrasi-seyrek-sac-cozumu\/","title":{"rendered":"Sa\u00e7 Ekimi Sonras\u0131 Yeni Sa\u00e7lar\u0131n Seyrek G\u00f6r\u00fcnmesi: Sebepleri, \u00c7\u00f6z\u00fcmleri ve Uzman \u00d6nerileri"},"content":{"rendered":"\n<p><strong><a href=\"https:\/\/estenbulhealth.com\/tr\/blog\/sac-dokulmesinin-nedenleri\/\" data-type=\"post\" data-id=\"8323\">Sa\u00e7 d\u00f6k\u00fclmesi<\/a><\/strong>, hem erkekler hem de kad\u0131nlar i\u00e7in psikolojik ve estetik a\u00e7\u0131dan zorlay\u0131c\u0131 bir s\u00fcre\u00e7 olabilir. Bu nedenle sa\u00e7 ekimi, do\u011fal ve kal\u0131c\u0131 bir \u00e7\u00f6z\u00fcm arayanlar i\u00e7in pop\u00fcler bir tercih haline gelmi\u015ftir. Ancak sa\u00e7 ekimi yapt\u0131ran bir\u00e7ok ki\u015fi, i\u015flemin ard\u0131ndan yeni \u00e7\u0131kan sa\u00e7lar\u0131n bekledi\u011fi yo\u011funlukta olmad\u0131\u011f\u0131n\u0131 veya seyrek g\u00f6r\u00fcnd\u00fc\u011f\u00fcn\u00fc fark ederek endi\u015felenir.<\/p>\n\n\n\n<p><strong>Peki, sa\u00e7 ekimi sonras\u0131 yeni sa\u00e7lar neden seyrek g\u00f6r\u00fcnebilir? Bu durum kal\u0131c\u0131 m\u0131? Yo\u011fun bir g\u00f6r\u00fcn\u00fcm i\u00e7in ne yapmak gerekir?<\/strong><\/p>\n\n\n\n<p>T\u00fcrkiye\u2019de uluslararas\u0131 hastalara da hizmet veren <strong>Estenbul Health<\/strong> olarak, sa\u00e7 ekimi sonras\u0131 s\u00fcreci do\u011fru anlaman\u0131z ve en iyi sonu\u00e7lar\u0131 alman\u0131z i\u00e7in bu kapsaml\u0131 rehberi haz\u0131rlad\u0131k.<\/p>\n\n\n\n<h3 class=\"wp-block-heading\">Sa\u00e7 Ekimi Sonras\u0131 Seyrek G\u00f6r\u00fcn\u00fcm: Normal mi?<\/h3>\n\n\n\n<p>\u00d6ncelikle bilmeniz gereken en \u00f6nemli \u015fey, <strong>sa\u00e7 ekimi sonras\u0131 seyrek g\u00f6r\u00fcn\u00fcm\u00fcn genellikle ge\u00e7ici ve normal bir s\u00fcre\u00e7 oldu\u011fudur.<\/strong> <strong><a href=\"https:\/\/estenbulhealth.com\/tr\/servislerimiz\/sac-ekimi\/\" data-type=\"page\" data-id=\"13471\">Sa\u00e7 ekimi<\/a><\/strong>, mikro cerrahi bir uygulamad\u0131r ve k\u00f6klerin yerle\u015ftirildi\u011fi alan\u0131n iyile\u015fmesi, sa\u00e7lar\u0131n uyku faz\u0131ndan \u00e7\u0131k\u0131p b\u00fcy\u00fcme faz\u0131na ge\u00e7mesi zaman al\u0131r.<\/p>\n\n\n\n<p>Ekimden sonraki ilk birka\u00e7 ayda ekilen sa\u00e7lar\u0131n bir k\u0131sm\u0131 d\u00f6k\u00fcl\u00fcr; bu d\u00f6k\u00fclme \u201c\u015fok d\u00f6k\u00fclme\u201d (shock loss) olarak adland\u0131r\u0131l\u0131r ve sa\u00e7 k\u00f6klerinin yeni \u00e7evresine uyum sa\u011flama s\u00fcrecinin bir par\u00e7as\u0131d\u0131r. Genellikle 3-4. aydan itibaren sa\u00e7lar yeniden \u00e7\u0131kmaya ba\u015flar ve 6-12 ay aras\u0131nda yo\u011funluk giderek artar.<\/p>\n\n\n\n<p>Ancak baz\u0131 durumlarda, bu s\u00fcre\u00e7 daha uzun s\u00fcrebilir veya genetik fakt\u00f6rler, cilt yap\u0131s\u0131, ya\u015f, ekim tekni\u011fi gibi etkenler nedeniyle beklenen yo\u011funluk sa\u011flanamayabilir.<\/p>\n\n\n\n<h2 class=\"wp-block-heading\">Sa\u00e7 Ekimi Sonras\u0131 Seyrek G\u00f6r\u00fcn\u00fcm\u00fcn 5 Temel Nedeni<\/h2>\n\n\n\n<p>Yeni sa\u00e7lar\u0131n seyrek g\u00f6r\u00fcnmesinin ard\u0131nda bir\u00e7ok neden olabilir. \u0130\u015fte en yayg\u0131n sebepler:<\/p>\n\n\n\n<h3 class=\"wp-block-heading\">1. <strong>Ekilen Greft Say\u0131s\u0131n\u0131n Yetersiz Olmas\u0131<\/strong><\/h3>\n\n\n\n<p>Sa\u00e7 ekiminde ba\u015far\u0131l\u0131 bir sonu\u00e7 i\u00e7in yeterli say\u0131da greftin (sa\u00e7 k\u00f6k\u00fc birimi) ekilmesi gerekir. E\u011fer \u00e7ok geni\u015f bir alan ekim yap\u0131lmas\u0131 gereken b\u00f6lgeyi olu\u015fturuyorsa ve don\u00f6r b\u00f6lgeden s\u0131n\u0131rl\u0131 say\u0131da greft al\u0131nabiliyorsa, ilk seansta istenilen yo\u011funluk sa\u011flanamayabilir.<\/p>\n\n\n\n<h3 class=\"wp-block-heading\">2. <strong>Sa\u00e7 K\u00f6klerinin Tutmamas\u0131 veya Zay\u0131f Tutunmas\u0131<\/strong><\/h3>\n\n\n\n<p>Her sa\u00e7 k\u00f6k\u00fc, ekim sonras\u0131 ayn\u0131 \u015fekilde tutunamayabilir. K\u00f6klerin bir k\u0131sm\u0131 yeterince kanlanmaz veya travmaya ba\u011fl\u0131 olarak \u00f6l\u00fcrse, ekim yap\u0131lan alanda seyrek bir g\u00f6r\u00fcn\u00fcm olu\u015fabilir. Bu nedenle i\u015flem sonras\u0131 bak\u0131m \u00e7ok \u00f6nemlidir.<\/p>\n\n\n\n<h3 class=\"wp-block-heading\">3. <strong>\u015eok D\u00f6k\u00fclme S\u00fcrecinin Uzamas\u0131<\/strong><\/h3>\n\n\n\n<p>\u015eok d\u00f6k\u00fclme genellikle 1-3 ay aras\u0131nda tamamlan\u0131r, ancak baz\u0131 ki\u015filerde bu s\u00fcre\u00e7 uzayabilir. E\u011fer sa\u00e7lar hen\u00fcz b\u00fcy\u00fcme faz\u0131na ge\u00e7mediyse, ekim yap\u0131lan alan bo\u015f veya seyrek g\u00f6r\u00fcnebilir.<\/p>\n\n\n\n<h3 class=\"wp-block-heading\">4. <strong>Mevcut Sa\u00e7lar\u0131n D\u00f6k\u00fclmeye Devam Etmesi<\/strong><\/h3>\n\n\n\n<p>Sa\u00e7 ekimi, mevcut sa\u00e7 d\u00f6k\u00fclmesini durdurmaz. E\u011fer ekim yap\u0131lan alan\u0131n \u00e7evresindeki sa\u00e7lar d\u00f6k\u00fclmeye devam ediyorsa, genel yo\u011funlukta azalma g\u00f6zlemlenir. \u00d6zellikle erkek tipi d\u00f6k\u00fclmede bu s\u00fcre\u00e7 ya\u015f ilerledik\u00e7e devam edebilir.<\/p>\n\n\n\n<h3 class=\"wp-block-heading\">5. <strong>Yanl\u0131\u015f Bak\u0131m ve D\u0131\u015f Etkenler<\/strong><\/h3>\n\n\n\n<p>\u0130\u015flem sonras\u0131 doktor \u00f6nerilerine uyulmamas\u0131, sert \u015fampuanlar kullan\u0131lmas\u0131, g\u00fcne\u015f yan\u0131\u011f\u0131, a\u015f\u0131r\u0131 ka\u015f\u0131ma gibi fakt\u00f6rler ekilen k\u00f6klerin zarar g\u00f6rmesine ve yo\u011funlu\u011fun azalmas\u0131na neden olabilir.<\/p>\n\n\n\n<h2 class=\"wp-block-heading\">Yeni Sa\u00e7lar\u0131n Seyrek G\u00f6r\u00fcnmesine Kar\u015f\u0131 5 Etkili \u00c7\u00f6z\u00fcm<\/h2>\n\n\n\n<p>Sa\u00e7 ekimi sonras\u0131 daha dolgun ve yo\u011fun bir sa\u00e7 g\u00f6r\u00fcn\u00fcm\u00fc elde etmek i\u00e7in izleyebilece\u011finiz etkili y\u00f6ntemler \u015funlard\u0131r:<\/p>\n\n\n\n<h3 class=\"wp-block-heading\">1. <strong>Ek Seans D\u00fc\u015f\u00fcn\u00fcn<\/strong><\/h3>\n\n\n\n<p>\u0130lk ekim sonras\u0131 hedeflenen yo\u011funluk sa\u011flanmad\u0131ysa, doktorunuzla ek bir seans planlamak en mant\u0131kl\u0131 \u00e7\u00f6z\u00fcm olabilir. \u00d6zellikle geni\u015f alanlarda, tek bir seansta yeterli greftin yerle\u015ftirilmesi m\u00fcmk\u00fcn olmayabilir.<\/p>\n\n\n\n<p>Ek seans, ilk ekimde elde edilen temel yo\u011funlu\u011fun \u00fczerine in\u015fa edilerek daha tatmin edici bir g\u00f6r\u00fcnt\u00fc kazand\u0131rabilir. Ancak ek seans i\u00e7in yeterli don\u00f6r alan\u0131n bulunmas\u0131 ve cilt sa\u011fl\u0131\u011f\u0131n\u0131z\u0131n uygun olmas\u0131 gerekir.<\/p>\n\n\n\n<p>\u27a1\ufe0f <strong>Ne zaman ek seans yap\u0131labilir?<\/strong> Genellikle ilk ekimden 8-12 ay sonra de\u011ferlendirilir. Bu s\u00fcre\u00e7te sa\u00e7lar\u0131n nihai durumu g\u00f6zlemlenir ve ihtiyaca g\u00f6re planlama yap\u0131l\u0131r.<\/p>\n\n\n\n<h3 class=\"wp-block-heading\">2. <strong>PRP (Platelet Rich Plasma) Tedavisi Al\u0131n<\/strong><\/h3>\n\n\n\n<p>PRP tedavisi, sa\u00e7 k\u00f6klerinin g\u00fc\u00e7lenmesini ve sa\u00e7 tellerinin kal\u0131nla\u015fmas\u0131n\u0131 destekleyen, kan\u0131n trombosit y\u00f6n\u00fcnden zengin plazmas\u0131n\u0131n sa\u00e7l\u0131 deriye enjekte edilmesiyle uygulanan bir tedavidir.<\/p>\n\n\n\n<p>Sa\u00e7 ekimi sonras\u0131 PRP tedavisi, hem ekilen sa\u00e7 k\u00f6klerinin sa\u011fl\u0131\u011f\u0131n\u0131 korur hem de \u00e7evresindeki zay\u0131f sa\u00e7lar\u0131 destekleyerek genel yo\u011funlu\u011fa katk\u0131 sa\u011flar.<\/p>\n\n\n\n<p>\u2705 <strong>PRP\u2019nin Faydalar\u0131:<\/strong><\/p>\n\n\n\n<ul class=\"wp-block-list\">\n<li>Sa\u00e7 d\u00f6k\u00fclmesini azalt\u0131r<\/li>\n\n\n\n<li>Sa\u00e7 tellerinin \u00e7ap\u0131n\u0131 art\u0131r\u0131r<\/li>\n\n\n\n<li>K\u00f6klerin tutunmas\u0131n\u0131 g\u00fc\u00e7lendirir<\/li>\n\n\n\n<li>Kan dola\u015f\u0131m\u0131n\u0131 art\u0131rarak sa\u00e7 k\u00f6klerine daha fazla besin sa\u011flar<\/li>\n<\/ul>\n\n\n\n<p>Doktorunuzun \u00f6nerdi\u011fi s\u0131kl\u0131kta PRP seanslar\u0131 alarak daha sa\u011fl\u0131kl\u0131 ve dolgun sa\u00e7lara ula\u015fabilirsiniz.<\/p>\n\n\n\n<h3 class=\"wp-block-heading\">3. <strong>Sa\u00e7 Yo\u011funla\u015ft\u0131r\u0131c\u0131 Kozmetik \u00dcr\u00fcnlerden Yararlan\u0131n<\/strong><\/h3>\n\n\n\n<p>Ekim sonras\u0131 iyile\u015fme tamamlanana kadar veya sa\u00e7lar\u0131n\u0131z tam hacmini kazanana kadar, ge\u00e7ici ama etkili y\u00f6ntemlerle sa\u00e7 yo\u011funlu\u011fu hissini art\u0131rabilirsiniz.<\/p>\n\n\n\n<p>Piyasada bulunan:<\/p>\n\n\n\n<ul class=\"wp-block-list\">\n<li><strong>Sa\u00e7 fiberleri<\/strong><\/li>\n\n\n\n<li><strong>Yo\u011funla\u015ft\u0131r\u0131c\u0131 spreyler<\/strong><\/li>\n\n\n\n<li><strong>Renklendirici \u015fampuanlar<\/strong> gibi \u00fcr\u00fcnler, sa\u00e7 telleri aras\u0131ndaki bo\u015fluklar\u0131 doldurarak daha yo\u011fun bir g\u00f6r\u00fcn\u00fcm sa\u011flar.<\/li>\n<\/ul>\n\n\n\n<p>Bu \u00fcr\u00fcnler genelde suya dayan\u0131kl\u0131 de\u011fildir ve sa\u00e7 y\u0131kand\u0131\u011f\u0131nda \u00e7\u0131kar. Ancak \u00f6zel g\u00fcnlerde, i\u015f toplant\u0131lar\u0131nda veya sosyal etkinliklerde \u00f6zg\u00fcveninizi art\u0131rabilir.<\/p>\n\n\n\n<p>\u00d6nemli Not: Bu \u00fcr\u00fcnleri doktorunuzun \u00f6nerdi\u011fi s\u00fcre tamamlanmadan, ekim yap\u0131lan alana uygulamaman\u0131z gerekir.<\/p>\n\n\n\n<h3 class=\"wp-block-heading\">4. <strong>Do\u011fru Sa\u00e7 Kesimi Yapt\u0131r\u0131n<\/strong><\/h3>\n\n\n\n<p>Sa\u00e7 kesimi, sa\u00e7\u0131n daha yo\u011fun g\u00f6r\u00fcnmesini sa\u011flayan en pratik \u00e7\u00f6z\u00fcmlerden biridir. Katl\u0131 kesimler, hacim art\u0131r\u0131c\u0131 modeller ve belirli uzunluktaki sa\u00e7lar, sa\u00e7 tellerinin \u00fcst \u00fcste gelmesini sa\u011flayarak seyrekli\u011fi maskeleyebilir.<\/p>\n\n\n\n<p>Profesyonel bir kuaf\u00f6rle \u00e7al\u0131\u015farak y\u00fcz tipinize ve sa\u00e7 yap\u0131n\u0131za uygun en dolgun g\u00f6steren kesimi belirleyebilirsiniz.<\/p>\n\n\n\n<p>\u27a1\ufe0f <strong>Ka\u00e7\u0131nman\u0131z gereken sa\u00e7 modelleri:<\/strong><\/p>\n\n\n\n<ul class=\"wp-block-list\">\n<li>\u00c7ok k\u0131sa t\u0131ra\u015flar<\/li>\n\n\n\n<li>D\u00fcz, a\u011f\u0131r kesimler<\/li>\n\n\n\n<li>Sa\u00e7 derisini a\u00e7\u0131kta b\u0131rakan stiller<\/li>\n<\/ul>\n\n\n\n<p>Sa\u00e7 kesimi, sadece estetik de\u011fil, ayn\u0131 zamanda sa\u00e7 bak\u0131m\u0131n\u0131n da bir par\u00e7as\u0131d\u0131r. Sa\u00e7\u0131n sa\u011fl\u0131kl\u0131 uzamas\u0131 i\u00e7in u\u00e7lar\u0131ndan d\u00fczenli ald\u0131rmak, k\u0131r\u0131klar\u0131 \u00f6nlemek ve k\u00f6kleri g\u00fc\u00e7lendirmek \u00f6nemlidir.<\/p>\n\n\n\n<h3 class=\"wp-block-heading\">5. <strong>Doktor Tavsiyelerine Mutlaka Uyun<\/strong><\/h3>\n\n\n\n<p>Sa\u00e7 ekimi sonras\u0131 bak\u0131m s\u00fcreci, operasyonun ba\u015far\u0131s\u0131n\u0131 do\u011frudan etkiler. \u0130lk y\u0131kamadan \u015fampuan se\u00e7imine, g\u00fcne\u015ften korunmadan spor aktivitelerine kadar bir\u00e7ok detay, ekilen k\u00f6klerin sa\u011fl\u0131kl\u0131 bir \u015fekilde tutunmas\u0131n\u0131 sa\u011flar.<\/p>\n\n\n\n<p><strong>En \u00e7ok yap\u0131lan hatalar:<\/strong><\/p>\n\n\n\n<ul class=\"wp-block-list\">\n<li>\u0130lk haftalarda sa\u00e7l\u0131 deriye \u00e7ok sert davranmak<\/li>\n\n\n\n<li>Yara kabuklar\u0131n\u0131 zorla kald\u0131rmak<\/li>\n\n\n\n<li>Direkt g\u00fcne\u015f \u0131\u015f\u0131\u011f\u0131na maruz kalmak<\/li>\n\n\n\n<li>Kimyasal i\u00e7erikli sa\u00e7 \u00fcr\u00fcnleri kullanmak<\/li>\n\n\n\n<li>Y\u00fcksek tempolu sporlara erken ba\u015flamak<\/li>\n<\/ul>\n\n\n\n<p><strong>Estenbul Health<\/strong> olarak size operasyon sonras\u0131 t\u00fcm bak\u0131m talimatlar\u0131n\u0131 yaz\u0131l\u0131 ve s\u00f6zl\u00fc olarak sunuyoruz. Sorular\u0131n\u0131z i\u00e7in her zaman bizimle ileti\u015fime ge\u00e7ebilirsiniz.<\/p>\n\n\n\n<h2 class=\"wp-block-heading\">Sa\u00e7 Ekimi Sonras\u0131 Sab\u0131r, Bak\u0131m ve Takip: Ba\u015far\u0131n\u0131n Anahtar\u0131<\/h2>\n\n\n\n<p>Sa\u00e7 ekimi, sab\u0131r ve bilin\u00e7li bak\u0131m gerektiren bir s\u00fcre\u00e7tir. \u0130lk birka\u00e7 ayda seyrek bir g\u00f6r\u00fcn\u00fcm, d\u00f6k\u00fclmeler ve beklentiyi kar\u015f\u0131lamayan sonu\u00e7lar moral bozabilir. Ancak s\u00fcrecin do\u011fal i\u015fleyi\u015fini anlamak, uzman deste\u011fi almak ve \u00f6nerilen tedavileri uygulamak, hedeflenen sonuca ula\u015fman\u0131z\u0131 sa\u011flar.<\/p>\n\n\n\n<p>Genelde sa\u00e7 ekimi sonras\u0131 nihai sonu\u00e7 <strong>8-12 ay i\u00e7inde<\/strong> ortaya \u00e7\u0131kar. \u0130lk y\u0131l boyunca sa\u00e7 tellerinin kal\u0131nla\u015fmas\u0131, sa\u00e7 yo\u011funlu\u011funun artmas\u0131 ve do\u011fall\u0131\u011f\u0131n kazan\u0131lmas\u0131 beklenir. E\u011fer birinci y\u0131l\u0131n sonunda hala arzu edilen yo\u011funluk sa\u011flanmad\u0131ysa, ek seans veya destekleyici tedaviler de\u011ferlendirilir.<\/p>\n\n\n\n<h2 class=\"wp-block-heading\">Estenbul Health \u0130le G\u00fcvende Olun<\/h2>\n\n\n\n<p>T\u00fcrkiye, sa\u00e7 ekiminde d\u00fcnya lideri bir destinasyon haline gelmi\u015ftir. <strong>Estenbul Health<\/strong> olarak uluslararas\u0131 kalite standartlar\u0131nda, deneyimli uzman kadromuz ve ki\u015fiye \u00f6zel tedavi planlar\u0131m\u0131zla hizmet veriyoruz.<\/p>\n\n\n\n<p>Sa\u00e7 ekimi sonras\u0131:<br>\u2705 S\u00fcreci yak\u0131ndan takip ediyoruz<br>\u2705 T\u00fcm bak\u0131m talimatlar\u0131n\u0131 size detayl\u0131ca iletiyoruz<br>\u2705 Ek tedavi ve destek uygulamalar\u0131 i\u00e7in rehberlik sa\u011fl\u0131yoruz<\/p>\n\n\n\n<p>Sa\u00e7 ekimi yapt\u0131rmay\u0131 d\u00fc\u015f\u00fcn\u00fcyorsan\u0131z veya i\u015fleminiz sonras\u0131 sorular\u0131n\u0131z varsa, bize ula\u015f\u0131n. Size en uygun tedavi plan\u0131n\u0131 olu\u015fturmak ve hayalinizdeki g\u00f6r\u00fcn\u00fcme ula\u015fman\u0131z i\u00e7in buraday\u0131z.<\/p>\n\n\n\n<p><strong>Sa\u011fl\u0131kl\u0131, g\u00fc\u00e7l\u00fc ve dolgun sa\u00e7lara kavu\u015fman\u0131z dile\u011fiyle\u2026<\/strong><\/p>\n\n\n\n<p><\/p>\n","protected":false},"excerpt":{"rendered":"<p>Sa\u00e7 d\u00f6k\u00fclmesi, hem erkekler hem de kad\u0131nlar i\u00e7in psikolojik ve estetik a\u00e7\u0131dan zorlay\u0131c\u0131 bir s\u00fcre\u00e7 olabilir. Bu nedenle sa\u00e7 ekimi,<\/p>\n","protected":false},"author":24,"featured_media":42291,"comment_status":"closed","ping_status":"closed","sticky":false,"template":"","format":"standard","meta":{"content-type":"","footnotes":""},"categories":[387],"tags":[],"class_list":["post-42290","post","type-post","status-publish","format-standard","has-post-thumbnail","hentry","category-sac-ekimi"],"_links":{"self":[{"href":"https:\/\/estenbulhealth.com\/tr\/wp-json\/wp\/v2\/posts\/42290","targetHints":{"allow":["GET"]}}],"collection":[{"href":"https:\/\/estenbulhealth.com\/tr\/wp-json\/wp\/v2\/posts"}],"about":[{"href":"https:\/\/estenbulhealth.com\/tr\/wp-json\/wp\/v2\/types\/post"}],"author":[{"embeddable":true,"href":"https:\/\/estenbulhealth.com\/tr\/wp-json\/wp\/v2\/users\/24"}],"replies":[{"embeddable":true,"href":"https:\/\/estenbulhealth.com\/tr\/wp-json\/wp\/v2\/comments?post=42290"}],"version-history":[{"count":1,"href":"https:\/\/estenbulhealth.com\/tr\/wp-json\/wp\/v2\/posts\/42290\/revisions"}],"predecessor-version":[{"id":42297,"href":"https:\/\/estenbulhealth.com\/tr\/wp-json\/wp\/v2\/posts\/42290\/revisions\/42297"}],"wp:featuredmedia":[{"embeddable":true,"href":"https:\/\/estenbulhealth.com\/tr\/wp-json\/wp\/v2\/media\/42291"}],"wp:attachment":[{"href":"https:\/\/estenbulhealth.com\/tr\/wp-json\/wp\/v2\/media?parent=42290"}],"wp:term":[{"taxonomy":"category","embeddable":true,"href":"https:\/\/estenbulhealth.com\/tr\/wp-json\/wp\/v2\/categories?post=42290"},{"taxonomy":"post_tag","embeddable":true,"href":"https:\/\/estenbulhealth.com\/tr\/wp-json\/wp\/v2\/tags?post=42290"}],"curies":[{"name":"wp","href":"https:\/\/api.w.org\/{rel}","templated":true}]}}