{"id":41533,"date":"2024-09-13T14:50:27","date_gmt":"2024-09-13T11:50:27","guid":{"rendered":"https:\/\/estenbulhealth.com\/?p=41533"},"modified":"2024-10-10T13:28:52","modified_gmt":"2024-10-10T10:28:52","slug":"sac-ekimi-sonrasi-kabuk-dokme","status":"publish","type":"post","link":"https:\/\/estenbulhealth.com\/tr\/blog\/sac-ekimi-sonrasi-kabuk-dokme\/","title":{"rendered":"Sa\u00e7 Ekimi Sonras\u0131 Kabuk D\u00f6kme: S\u00fcre\u00e7 ve Dikkat Edilmesi Gerekenler"},"content":{"rendered":"\n<p><strong>Sa\u00e7 ekimi sonras\u0131 kabuk d\u00f6kme<\/strong>, <a href=\"https:\/\/estenbulhealth.com\/tr\/\">sa\u00e7 ekimi<\/a> operasyonu ge\u00e7iren ki\u015filerin en \u00e7ok merak etti\u011fi konulardan biridir. Bu s\u00fcre\u00e7, sa\u00e7 k\u00f6klerinin iyile\u015fme a\u015famas\u0131nda ya\u015fanan do\u011fal bir evredir ve ba\u015far\u0131l\u0131 bir sa\u00e7 ekimi sonucunda beklenir. Sa\u00e7 ekimi operasyonu ge\u00e7iren bireylerin, kabuklanma ve d\u00f6k\u00fclme s\u00fcreci hakk\u0131nda detayl\u0131 bilgi sahibi olmas\u0131, iyile\u015fme s\u00fcrecini daha sa\u011fl\u0131kl\u0131 ve konforlu bir \u015fekilde ge\u00e7irmelerine yard\u0131mc\u0131 olur. Bu yaz\u0131da, sa\u00e7 ekimi sonras\u0131 kabuk d\u00f6kme s\u00fcreciyle ilgili bilmeniz gerekenleri, alt ba\u015fl\u0131klar alt\u0131nda a\u00e7\u0131klayaca\u011f\u0131z.<\/p>\n\n\n\n<h2 class=\"wp-block-heading\">Sa\u00e7 Ekimi Sonras\u0131 Kabuk D\u00f6kme S\u00fcreci Nedir?<\/h2>\n\n\n\n<p>Sa\u00e7 ekimi operasyonu s\u0131ras\u0131nda, sa\u00e7 k\u00f6kleri cildin alt\u0131na yerle\u015ftirilirken, bu b\u00f6lgede k\u00fc\u00e7\u00fck yaralar olu\u015fur. Bu yaralar, v\u00fccudun do\u011fal iyile\u015fme mekanizmas\u0131n\u0131n bir par\u00e7as\u0131 olarak kabuklanmaya ba\u015flar. Sa\u00e7 ekimi sonras\u0131 kabuk d\u00f6kme s\u00fcreci, bu yaralar\u0131n iyile\u015fmesi ve kabuklar\u0131n do\u011fal bir \u015fekilde at\u0131lmas\u0131yla ger\u00e7ekle\u015fir.<\/p>\n\n\n\n<h3 class=\"wp-block-heading\">Kabuklanma Ne Zaman Ba\u015flar?<\/h3>\n\n\n\n<p><a href=\"https:\/\/estenbulhealth.com\/tr\/blog\/yurtdisinda-sac-ekimi-hakkinda-neler-bilmeliyiz\/\">Sa\u00e7 ekimi<\/a> sonras\u0131 kabuklanma genellikle operasyonun 2. veya 3. g\u00fcn\u00fcnde ba\u015flar. Kabuklar, sa\u00e7 k\u00f6klerinin yerle\u015ftirildi\u011fi mikro yaralar\u0131n \u00fczerinde olu\u015fur. V\u00fccut bu k\u00fc\u00e7\u00fck yaralar\u0131 iyile\u015ftirirken, deri y\u00fczeyinde kabuklar meydana gelir. Bu kabuklanma s\u00fcreci, genellikle ilk haftan\u0131n sonuna kadar devam eder ve d\u00f6k\u00fclme s\u00fcreci ba\u015flar.<\/p>\n\n\n\n<figure class=\"wp-block-image size-large\"><img loading=\"lazy\" decoding=\"async\" width=\"1024\" height=\"1024\" src=\"https:\/\/estenbulhealth.com\/wp-content\/uploads\/2024\/09\/sac-ekim-sonrasi-ilk-yikama-1024x1024.png\" alt=\"Hair Transplant in Turkey with Estenbul Health\" class=\"wp-image-41534\" title=\"\" srcset=\"https:\/\/estenbulhealth.com\/wp-content\/uploads\/2024\/09\/sac-ekim-sonrasi-ilk-yikama-1024x1024.png 1024w, https:\/\/estenbulhealth.com\/wp-content\/uploads\/2024\/09\/sac-ekim-sonrasi-ilk-yikama-500x500.png 500w, https:\/\/estenbulhealth.com\/wp-content\/uploads\/2024\/09\/sac-ekim-sonrasi-ilk-yikama-150x150.png 150w, https:\/\/estenbulhealth.com\/wp-content\/uploads\/2024\/09\/sac-ekim-sonrasi-ilk-yikama-700x700.png 700w, https:\/\/estenbulhealth.com\/wp-content\/uploads\/2024\/09\/sac-ekim-sonrasi-ilk-yikama-300x300.png 300w, https:\/\/estenbulhealth.com\/wp-content\/uploads\/2024\/09\/sac-ekim-sonrasi-ilk-yikama-768x768.png 768w, https:\/\/estenbulhealth.com\/wp-content\/uploads\/2024\/09\/sac-ekim-sonrasi-ilk-yikama.png 1080w\" sizes=\"auto, (max-width: 1024px) 100vw, 1024px\" \/><\/figure>\n\n\n\n<h3 class=\"wp-block-heading\">Kabuk D\u00f6kme S\u00fcresi Ne Kadard\u0131r?<\/h3>\n\n\n\n<p>Kabuklar, operasyonun ard\u0131ndan 7-10 g\u00fcn i\u00e7inde d\u00f6k\u00fclmeye ba\u015flar. Bu s\u00fcre zarf\u0131nda, sa\u00e7 ekimi yap\u0131lan b\u00f6lgelerde hafif bir ka\u015f\u0131nt\u0131 hissedilebilir, ancak ka\u015f\u0131nmamas\u0131 son derece \u00f6nemlidir. Kabuklar\u0131n d\u00f6k\u00fclme s\u00fcresi ki\u015finin cilt yap\u0131s\u0131na ve operasyonun boyutuna g\u00f6re de\u011fi\u015fiklik g\u00f6sterebilir. Kabuklar\u0131n do\u011fal bir \u015fekilde d\u00fc\u015fmesine izin vermek, sa\u00e7 k\u00f6klerinin zarar g\u00f6rmesini \u00f6nlemek ad\u0131na \u00f6nemlidir.<\/p>\n\n\n\n<h2 class=\"wp-block-heading\">Sa\u00e7 Ekimi Sonras\u0131 Kabuk D\u00f6kme S\u00fcrecinde Nelere Dikkat Edilmeli?<\/h2>\n\n\n\n<p>Sa\u00e7 ekimi sonras\u0131 kabuk d\u00f6kme s\u00fcreci, hassas bir d\u00f6nemdir. Bu d\u00f6nemde sa\u00e7 k\u00f6klerini korumak ve operasyonun ba\u015far\u0131s\u0131n\u0131 riske atmamak i\u00e7in baz\u0131 \u00f6nemli noktalara dikkat edilmelidir.<\/p>\n\n\n\n<h3 class=\"wp-block-heading\">Kabuklar Nas\u0131l Temizlenmeli?<\/h3>\n\n\n\n<p>Sa\u00e7 ekimi sonras\u0131 ilk y\u0131kama genellikle 3. g\u00fcn civar\u0131nda yap\u0131l\u0131r. Kabuklar\u0131n yumu\u015fat\u0131lmas\u0131 i\u00e7in doktor taraf\u0131ndan \u00f6nerilen \u00f6zel \u015fampuanlar veya losyonlar kullan\u0131lmal\u0131d\u0131r. Kabuklar\u0131 sert bir \u015fekilde ovalamaktan ka\u00e7\u0131n\u0131lmal\u0131, nazik hareketlerle masaj yaparak yumu\u015famalar\u0131 sa\u011flanmal\u0131d\u0131r. Sa\u00e7 derisinin a\u015f\u0131r\u0131ya ka\u00e7an ovalamalarla tahri\u015f edilmesi, yeni yerle\u015ftirilen sa\u00e7 k\u00f6klerine zarar verebilir.<\/p>\n\n\n\n<figure class=\"wp-block-image size-large\"><img loading=\"lazy\" decoding=\"async\" width=\"1024\" height=\"577\" src=\"https:\/\/estenbulhealth.com\/wp-content\/uploads\/2024\/09\/sac-ekimi-sonrasi-kabuk-dokme-1024x577.png\" alt=\"Sa\u00e7 ekim sonras\u0131 kabuk d\u00f6kme\" class=\"wp-image-41540\" title=\"\" srcset=\"https:\/\/estenbulhealth.com\/wp-content\/uploads\/2024\/09\/sac-ekimi-sonrasi-kabuk-dokme-1024x577.png 1024w, https:\/\/estenbulhealth.com\/wp-content\/uploads\/2024\/09\/sac-ekimi-sonrasi-kabuk-dokme-500x282.png 500w, https:\/\/estenbulhealth.com\/wp-content\/uploads\/2024\/09\/sac-ekimi-sonrasi-kabuk-dokme-150x85.png 150w, https:\/\/estenbulhealth.com\/wp-content\/uploads\/2024\/09\/sac-ekimi-sonrasi-kabuk-dokme-700x394.png 700w, https:\/\/estenbulhealth.com\/wp-content\/uploads\/2024\/09\/sac-ekimi-sonrasi-kabuk-dokme-300x169.png 300w, https:\/\/estenbulhealth.com\/wp-content\/uploads\/2024\/09\/sac-ekimi-sonrasi-kabuk-dokme-768x433.png 768w, https:\/\/estenbulhealth.com\/wp-content\/uploads\/2024\/09\/sac-ekimi-sonrasi-kabuk-dokme-1536x865.png 1536w, https:\/\/estenbulhealth.com\/wp-content\/uploads\/2024\/09\/sac-ekimi-sonrasi-kabuk-dokme.png 1640w\" sizes=\"auto, (max-width: 1024px) 100vw, 1024px\" \/><\/figure>\n\n\n\n<h3 class=\"wp-block-heading\">Ka\u015f\u0131nt\u0131ya Kar\u015f\u0131 Ne Yap\u0131lmal\u0131?<\/h3>\n\n\n\n<p>Kabuk d\u00f6kme s\u00fcrecinde sa\u00e7 derisinde ka\u015f\u0131nt\u0131 olu\u015fmas\u0131 olduk\u00e7a normaldir. Ancak, ka\u015f\u0131nt\u0131ya m\u00fcdahale etmek ve kabuklar\u0131 zorla \u00e7\u0131karmak son derece yanl\u0131\u015ft\u0131r. E\u011fer ka\u015f\u0131nt\u0131 \u00e7ok rahats\u0131z edici bir hal al\u0131rsa, doktorunuza dan\u0131\u015farak uygun bir rahatlat\u0131c\u0131 losyon veya krem kullanabilirsiniz. Hafif so\u011fuk su ile y\u0131kamakta ka\u015f\u0131nt\u0131ya iyi gelmektedir. Kabuklar\u0131n do\u011fal s\u00fcrecine m\u00fcdahale edilmemesi, sa\u00e7 ekiminin ba\u015far\u0131s\u0131 a\u00e7\u0131s\u0131ndan kritik \u00f6neme sahiptir.<\/p>\n\n\n\n<h3 class=\"wp-block-heading\">Kabuklar\u0131n Zorla D\u00f6k\u00fclmesinin Riskleri Nelerdir?<\/h3>\n\n\n\n<p>Kabuklar\u0131n zorla kopar\u0131lmas\u0131, sa\u00e7 k\u00f6klerine zarar verebilir ve sa\u00e7 ekimi sonu\u00e7lar\u0131n\u0131n olumsuz etkilenmesine yol a\u00e7abilir. Zorla kopar\u0131lan kabuklar\u0131n alt\u0131ndaki hassas sa\u00e7 k\u00f6kleri zarar g\u00f6r\u00fcr ve bu da yeni sa\u00e7lar\u0131n \u00e7\u0131kmamas\u0131na ya da \u00e7\u0131kacak olan sa\u00e7lar\u0131n zay\u0131f ve sa\u011fl\u0131ks\u0131z olmas\u0131na neden olabilir. Dolay\u0131s\u0131yla, kabuklar\u0131n do\u011fal bir \u015fekilde d\u00f6k\u00fclmesine izin vermek en do\u011fru yakla\u015f\u0131md\u0131r.<\/p>\n\n\n\n<h2 class=\"wp-block-heading\">Sa\u00e7 Ekimi Sonras\u0131 Kabuk D\u00f6kme ile \u0130lgili S\u0131k Sorulan Sorular<\/h2>\n\n\n<div id=\"rank-math-faq\" class=\"rank-math-block\">\n<div class=\"rank-math-list \">\n<div id=\"faq-question-1726226898678\" class=\"rank-math-list-item\">\n<h3 class=\"rank-math-question \">Kabuklar D\u00f6k\u00fcld\u00fckten Sonra Ne Olur?<\/h3>\n<div class=\"rank-math-answer \">\n\n<p>Kabuklar d\u00f6k\u00fcld\u00fckten sonra, sa\u00e7 ekimi yap\u0131lan b\u00f6lgelerde yeni sa\u00e7 k\u00f6kleri belirginle\u015fmeye ba\u015flar. Ancak, bu yeni sa\u00e7 k\u00f6kleri ba\u015flang\u0131\u00e7ta zay\u0131f ve ince olabilir. Zamanla, sa\u00e7 k\u00f6kleri g\u00fc\u00e7lenir ve daha sa\u011fl\u0131kl\u0131 bir \u015fekilde uzamaya ba\u015flar. Bu a\u015fama, sab\u0131r gerektiren bir s\u00fcre\u00e7tir ve tam sonu\u00e7lar\u0131n g\u00f6r\u00fclmesi birka\u00e7 ay\u0131 bulabilir.<\/p>\n\n<\/div>\n<\/div>\n<div id=\"faq-question-1726226904056\" class=\"rank-math-list-item\">\n<h3 class=\"rank-math-question \">Kabuk D\u00f6kme S\u00fcrecinde A\u011fr\u0131 Hissedilir mi?<\/h3>\n<div class=\"rank-math-answer \">\n\n<p>Sa\u00e7 ekimi sonras\u0131 kabuk d\u00f6kme s\u00fcrecinde genellikle bir a\u011fr\u0131 hissedilmez. Ancak, baz\u0131 ki\u015filerde hafif bir hassasiyet ya da ka\u015f\u0131nt\u0131 hissi olabilir. E\u011fer a\u015f\u0131r\u0131 a\u011fr\u0131 ya da rahats\u0131zl\u0131k hissediyorsan\u0131z, doktorunuza dan\u0131\u015fman\u0131z \u00f6nerilir.<\/p>\n\n<\/div>\n<\/div>\n<div id=\"faq-question-1726226917587\" class=\"rank-math-list-item\">\n<h3 class=\"rank-math-question \">Kabuk D\u00f6kme Sonras\u0131nda Ne Kadar S\u00fcrede Normal Hayata D\u00f6n\u00fcl\u00fcr?<\/h3>\n<div class=\"rank-math-answer \">\n\n<p>Kabuklar d\u00f6k\u00fcld\u00fckten sonra sa\u00e7 derisi iyile\u015fmeye ba\u015flar ve ki\u015fi yava\u015f yava\u015f normal g\u00fcnl\u00fck aktivitelerine d\u00f6nebilir. Ancak, sa\u00e7 ekimi operasyonunun ard\u0131ndan tam anlam\u0131yla iyile\u015fme ve sa\u00e7lar\u0131n do\u011fal g\u00f6r\u00fcn\u00fcm\u00fcne kavu\u015fmas\u0131 birka\u00e7 ay s\u00fcrebilir. Bu s\u00fcre\u00e7te, doktorunuzun \u00f6nerdi\u011fi bak\u0131m talimatlar\u0131na uymak son derece \u00f6nemlidir.<\/p>\n\n<\/div>\n<\/div>\n<div id=\"faq-question-1726226927190\" class=\"rank-math-list-item\">\n<h3 class=\"rank-math-question \">Sa\u00e7 Ekimi Sonras\u0131 Kabuklanma ve D\u00f6k\u00fclme S\u00fcreci H\u0131zland\u0131r\u0131labilir mi?<\/h3>\n<div class=\"rank-math-answer \">\n\n<p>Kabuk d\u00f6kme s\u00fcrecini h\u0131zland\u0131rmak i\u00e7in sa\u00e7 derisine fazla bask\u0131 yapmamak ve doktorun \u00f6nerdi\u011fi \u015fekilde nazik bak\u0131m \u00fcr\u00fcnlerini kullanmak yeterlidir. Sab\u0131rl\u0131 olmak ve s\u00fcreci do\u011fal ak\u0131\u015f\u0131nda b\u0131rakmak, en sa\u011fl\u0131kl\u0131 sonu\u00e7lar\u0131 elde etmenin anahtar\u0131d\u0131r.<\/p>\n\n<\/div>\n<\/div>\n<\/div>\n<\/div>\n\n\n<h3 class=\"wp-block-heading\">Sa\u00e7 Ekimi Sonras\u0131 Kabuk D\u00f6kme S\u00fcrecinde Beslenmenin \u00d6nemi<\/h3>\n\n\n\n<p>Sa\u00e7 ekimi sonras\u0131 kabuk d\u00f6kme s\u00fcrecini desteklemek i\u00e7in sa\u011fl\u0131kl\u0131 bir beslenme d\u00fczenine sahip olmak olduk\u00e7a \u00f6nemlidir. V\u00fccut, sa\u00e7 k\u00f6klerinin iyile\u015fme s\u00fcrecinde gerekli vitamin ve minerallere ihtiya\u00e7 duyar. A\u015fa\u011f\u0131daki besinler, sa\u00e7 ekimi sonras\u0131 iyile\u015fme s\u00fcrecini h\u0131zland\u0131rabilir ve sa\u00e7 k\u00f6klerinin g\u00fc\u00e7lenmesine katk\u0131da bulunabilir:<\/p>\n\n\n\n<h3 class=\"wp-block-heading\">Protein Kaynaklar\u0131<\/h3>\n\n\n\n<p>Sa\u00e7lar, b\u00fcy\u00fck \u00f6l\u00e7\u00fcde keratin ad\u0131 verilen bir protein maddesinden olu\u015fur. Dolay\u0131s\u0131yla, yeterli miktarda protein al\u0131m\u0131, sa\u00e7lar\u0131n sa\u011fl\u0131kl\u0131 bir \u015fekilde uzamas\u0131na ve k\u00f6klerin g\u00fc\u00e7lenmesine yard\u0131mc\u0131 olur. Yumurta, bal\u0131k, tavuk, k\u0131rm\u0131z\u0131 et gibi protein a\u00e7\u0131s\u0131ndan zengin g\u0131dalar, sa\u00e7 ekimi sonras\u0131 beslenme plan\u0131n\u0131za dahil edilebilir.<\/p>\n\n\n\n<h3 class=\"wp-block-heading\">Vitamin ve Mineral Deste\u011fi<\/h3>\n\n\n\n<p>C vitamini, E vitamini, biotin (B7 vitamini) ve \u00e7inko gibi vitaminler ve mineraller, sa\u00e7 k\u00f6klerinin iyile\u015fme s\u00fcrecini destekler. \u00d6zellikle C vitamini, kolajen \u00fcretimini art\u0131rarak sa\u00e7 derisinin iyile\u015fmesine katk\u0131 sa\u011flar. Taze sebze ve meyveler, bu vitamin ve mineralleri do\u011fal yollarla alman\u0131za yard\u0131mc\u0131 olabilir.<\/p>\n\n\n\n<h2 class=\"wp-block-heading\">Sonu\u00e7: Sab\u0131rl\u0131 Olmak Anahtard\u0131r<\/h2>\n\n\n\n<p>Sa\u00e7 ekimi sonras\u0131 kabuk d\u00f6kme s\u00fcreci, operasyonun do\u011fal ve ka\u00e7\u0131n\u0131lmaz bir par\u00e7as\u0131d\u0131r. Sab\u0131rl\u0131 olmak, do\u011fru bak\u0131m \u00fcr\u00fcnlerini kullanmak ve doktor tavsiyelerine uymak, bu s\u00fcrecin sa\u011fl\u0131kl\u0131 bir \u015fekilde tamamlanmas\u0131na yard\u0131mc\u0131 olur. Unutmay\u0131n ki sa\u00e7 ekimi, uzun vadeli bir yat\u0131r\u0131md\u0131r ve nihai sonu\u00e7lar\u0131n ortaya \u00e7\u0131kmas\u0131 birka\u00e7 ay\u0131 bulabilir. Ancak do\u011fru ad\u0131mlar at\u0131ld\u0131\u011f\u0131nda, ba\u015far\u0131l\u0131 bir sa\u00e7 ekimi operasyonu sonras\u0131 sa\u011fl\u0131kl\u0131 ve do\u011fal g\u00f6r\u00fcn\u00fcml\u00fc sa\u00e7lara kavu\u015fman\u0131z m\u00fcmk\u00fcnd\u00fcr.<\/p>\n\n\n\n<p>SEO dostu bir blog yaz\u0131s\u0131 olu\u015ftururken dikkat etti\u011fimiz gibi, sa\u00e7 ekimi sonras\u0131 kabuk d\u00f6kme s\u00fcreciyle ilgili en s\u0131k sorulan sorulara ve merak edilen detaylara da bu yaz\u0131da yer verdik. S\u00fcrecin do\u011fal bir par\u00e7as\u0131 olan kabuklanma ve d\u00f6k\u00fclme a\u015famas\u0131nda, sa\u00e7 k\u00f6klerinizi korumak ve operasyonun ba\u015far\u0131l\u0131 sonu\u00e7lar\u0131n\u0131 g\u00f6rmek i\u00e7in dikkatli ve sab\u0131rl\u0131 olmak son derece \u00f6nemlidir.<\/p>\n","protected":false},"excerpt":{"rendered":"<p>Sa\u00e7 ekimi sonras\u0131 kabuk d\u00f6kme, sa\u00e7 ekimi operasyonu ge\u00e7iren ki\u015filerin en \u00e7ok merak etti\u011fi konulardan biridir. Bu s\u00fcre\u00e7, sa\u00e7 k\u00f6klerinin<\/p>\n","protected":false},"author":24,"featured_media":41546,"comment_status":"closed","ping_status":"closed","sticky":false,"template":"","format":"standard","meta":{"content-type":"","footnotes":""},"categories":[387],"tags":[],"class_list":["post-41533","post","type-post","status-publish","format-standard","has-post-thumbnail","hentry","category-sac-ekimi"],"_links":{"self":[{"href":"https:\/\/estenbulhealth.com\/tr\/wp-json\/wp\/v2\/posts\/41533","targetHints":{"allow":["GET"]}}],"collection":[{"href":"https:\/\/estenbulhealth.com\/tr\/wp-json\/wp\/v2\/posts"}],"about":[{"href":"https:\/\/estenbulhealth.com\/tr\/wp-json\/wp\/v2\/types\/post"}],"author":[{"embeddable":true,"href":"https:\/\/estenbulhealth.com\/tr\/wp-json\/wp\/v2\/users\/24"}],"replies":[{"embeddable":true,"href":"https:\/\/estenbulhealth.com\/tr\/wp-json\/wp\/v2\/comments?post=41533"}],"version-history":[{"count":2,"href":"https:\/\/estenbulhealth.com\/tr\/wp-json\/wp\/v2\/posts\/41533\/revisions"}],"predecessor-version":[{"id":41770,"href":"https:\/\/estenbulhealth.com\/tr\/wp-json\/wp\/v2\/posts\/41533\/revisions\/41770"}],"wp:featuredmedia":[{"embeddable":true,"href":"https:\/\/estenbulhealth.com\/tr\/wp-json\/wp\/v2\/media\/41546"}],"wp:attachment":[{"href":"https:\/\/estenbulhealth.com\/tr\/wp-json\/wp\/v2\/media?parent=41533"}],"wp:term":[{"taxonomy":"category","embeddable":true,"href":"https:\/\/estenbulhealth.com\/tr\/wp-json\/wp\/v2\/categories?post=41533"},{"taxonomy":"post_tag","embeddable":true,"href":"https:\/\/estenbulhealth.com\/tr\/wp-json\/wp\/v2\/tags?post=41533"}],"curies":[{"name":"wp","href":"https:\/\/api.w.org\/{rel}","templated":true}]}}