{"id":39621,"date":"2024-07-08T15:41:23","date_gmt":"2024-07-08T12:41:23","guid":{"rendered":"https:\/\/estenbulhealth.com\/?p=39621"},"modified":"2024-08-27T11:27:16","modified_gmt":"2024-08-27T08:27:16","slug":"sac-ekimi-sonrasi-bakim-nasil-yapilir","status":"publish","type":"post","link":"https:\/\/estenbulhealth.com\/tr\/blog\/sac-ekimi-sonrasi-bakim-nasil-yapilir\/","title":{"rendered":"Sa\u00e7 Ekimi Sonras\u0131 Bak\u0131m Nas\u0131l Yap\u0131l\u0131r?"},"content":{"rendered":"\n<p><strong>Sa\u00e7 ekimi<\/strong>, bir\u00e7ok insan i\u00e7in yeni bir ba\u015flang\u0131\u00e7 anlam\u0131na gelir. Ancak, bu s\u00fcrecin sadece sa\u00e7 ekimiyle s\u0131n\u0131rl\u0131 olmad\u0131\u011f\u0131n\u0131, sonras\u0131 bak\u0131m\u0131n\u0131n da olduk\u00e7a \u00f6nemli oldu\u011funu unutmamak gerekir. Sa\u00e7 ekimi sonras\u0131 bak\u0131m, operasyonun ba\u015far\u0131s\u0131n\u0131 do\u011frudan etkileyebilir ve dikkatli bir \u015fekilde yap\u0131lmal\u0131d\u0131r.<\/p>\n\n\n\n<h2 class=\"wp-block-heading\">Sa\u00e7 Ekimi Nedir?<\/h2>\n\n\n\n<h3 class=\"wp-block-heading\">Sa\u00e7 Ekimi S\u00fcreci<\/h3>\n\n\n\n<p><a href=\"https:\/\/estenbulhealth.com\/tr\/\" data-type=\"link\" data-id=\"https:\/\/estenbulhealth.com\/tr\/\">Sa\u00e7 ekimi<\/a>, genellikle sa\u00e7\u0131n d\u00f6k\u00fcld\u00fc\u011f\u00fc veya inceldi\u011fi alanlara yeni sa\u00e7 k\u00f6klerinin nakledilmesi i\u015flemidir. Bu i\u015flem, sa\u00e7 k\u00f6klerinin al\u0131nmas\u0131, haz\u0131rlanmas\u0131 ve nakledilmesi a\u015famalar\u0131n\u0131 i\u00e7erir. Genellikle sa\u00e7 ekimi i\u015flemi, lokal anestezi alt\u0131nda yap\u0131l\u0131r ve birka\u00e7 saat s\u00fcrebilir. Sa\u00e7 k\u00f6kleri, don\u00f6r b\u00f6lgeden tek tek al\u0131narak sa\u00e7s\u0131z b\u00f6lgeye nakledilir. Sa\u00e7 ekimi i\u015flemi sonras\u0131nda sa\u00e7 derisinde k\u00fc\u00e7\u00fck kabuklanmalar meydana gelir ve bu kabuklar birka\u00e7 g\u00fcn i\u00e7inde d\u00f6k\u00fcl\u00fcr. Sa\u00e7 k\u00f6klerinin yerle\u015fmesi ve yeni sa\u00e7lar\u0131n \u00e7\u0131kmas\u0131 birka\u00e7 ay s\u00fcrebilir.<\/p>\n\n\n\n<figure class=\"wp-block-image size-large\"><img loading=\"lazy\" decoding=\"async\" width=\"1024\" height=\"576\" src=\"https:\/\/estenbulhealth.com\/wp-content\/uploads\/2023\/06\/the-pros-and-cons-of-hair-transplant-in-turkey-1024x576.webp\" alt=\"Hair Transplant in Turkey with Estenbul Health\" class=\"wp-image-33379\" title=\"\" srcset=\"https:\/\/estenbulhealth.com\/wp-content\/uploads\/2023\/06\/the-pros-and-cons-of-hair-transplant-in-turkey-1024x576.webp 1024w, https:\/\/estenbulhealth.com\/wp-content\/uploads\/2023\/06\/the-pros-and-cons-of-hair-transplant-in-turkey-300x169.webp 300w, https:\/\/estenbulhealth.com\/wp-content\/uploads\/2023\/06\/the-pros-and-cons-of-hair-transplant-in-turkey-768x432.webp 768w, https:\/\/estenbulhealth.com\/wp-content\/uploads\/2023\/06\/the-pros-and-cons-of-hair-transplant-in-turkey.webp 1280w\" sizes=\"auto, (max-width: 1024px) 100vw, 1024px\" \/><\/figure>\n\n\n\n<h3 class=\"wp-block-heading\">Sa\u00e7 Ekimi T\u00fcrleri<\/h3>\n\n\n\n<p>Sa\u00e7 ekimi, <strong><a href=\"https:\/\/estenbulhealth.com\/tr\/fue-sac-ekimi\/\" data-type=\"page\" data-id=\"13373\">FUE (Folik\u00fcler \u00dcnite Ekstraksiyonu)<\/a><\/strong> ve FUT (Folik\u00fcler \u00dcnite Transplantasyonu) gibi farkl\u0131 tekniklerle yap\u0131labilir. Her bir y\u00f6ntemin kendine \u00f6zg\u00fc avantajlar\u0131 ve dezavantajlar\u0131 bulunmaktad\u0131r. FUE tekni\u011finde, sa\u00e7 k\u00f6kleri tek tek al\u0131narak nakledilirken, FUT tekni\u011finde sa\u00e7 k\u00f6kleri bir \u015ferit halinde al\u0131narak nakledilir. FUE tekni\u011fi, daha az iz b\u0131rakmas\u0131 ve daha h\u0131zl\u0131 iyile\u015fme s\u00fcreci sunmas\u0131 nedeniyle daha \u00e7ok tercih edilmektedir.<\/p>\n\n\n\n<h2 class=\"wp-block-heading\">Sa\u00e7 Ekimi Sonras\u0131 \u0130lk G\u00fcnler<\/h2>\n\n\n\n<h3 class=\"wp-block-heading\">\u0130lk 24 Saat<\/h3>\n\n\n\n<p>Sa\u00e7 ekimi sonras\u0131 bak\u0131m i\u00e7in operasyonun hemen ard\u0131ndan ilk 24 saat, en kritik d\u00f6nemdir. Bu s\u00fcre\u00e7te ba\u015f\u0131n\u0131z\u0131 y\u00fcksek tutmak ve ameliyat b\u00f6lgesine dokunmaktan ka\u00e7\u0131nmak \u00f6nemlidir. Sa\u00e7 ekimi yap\u0131lan b\u00f6lgeye direkt temas etmek, yeni ekilen sa\u00e7 k\u00f6klerinin zarar g\u00f6rmesine neden olabilir. <\/p>\n\n\n\n<p>Ayr\u0131ca, bu d\u00f6nemde a\u011f\u0131r egzersizlerden ka\u00e7\u0131nmal\u0131 ve ba\u015f\u0131n\u0131z\u0131 \u00e7arpmamaya \u00f6zen g\u00f6stermelisiniz. \u0130lk 24 saat i\u00e7inde sa\u00e7 ekimi yap\u0131lan b\u00f6lgeye herhangi bir madde s\u00fcrmemeli ve sadece doktorunuzun \u00f6nerdi\u011fi \u00fcr\u00fcnleri kullanmal\u0131s\u0131n\u0131z.<\/p>\n\n\n\n<h3 class=\"wp-block-heading\">\u0130lk Hafta<\/h3>\n\n\n\n<p>\u0130lk hafta boyunca, doktorunuzun verdi\u011fi talimatlara s\u0131k\u0131 s\u0131k\u0131ya uyman\u0131z gerekmektedir. Bu d\u00f6nemde sa\u00e7 y\u0131kama, belirli bir \u015fekilde ve genellikle \u00f6zel bir \u015fampuanla yap\u0131lmal\u0131d\u0131r. Sa\u00e7 derisine nazik davranmak ve sa\u00e7 k\u00f6klerine zarar vermemek i\u00e7in dikkatli olunmal\u0131d\u0131r. <\/p>\n\n\n\n<p>Ayr\u0131ca, sa\u00e7 ekimi sonras\u0131 bak\u0131m i\u00e7in sa\u00e7 ekimi yap\u0131lan b\u00f6lgeyi ka\u015f\u0131maktan ka\u00e7\u0131nmal\u0131 ve ameliyat b\u00f6lgesine bask\u0131 uygulamamal\u0131s\u0131n\u0131z. \u0130lk hafta boyunca a\u011f\u0131r fiziksel aktivitelerden ka\u00e7\u0131nmal\u0131 ve bol bol dinlenmelisiniz.<\/p>\n\n\n\n<figure class=\"wp-block-image size-full\"><img loading=\"lazy\" decoding=\"async\" width=\"1024\" height=\"576\" src=\"https:\/\/estenbulhealth.com\/wp-content\/uploads\/2023\/02\/one-week-after-hair-transplant-1024x576-1.webp\" alt=\"One Week after Hair Transplant\" class=\"wp-image-36142\" title=\"\" srcset=\"https:\/\/estenbulhealth.com\/wp-content\/uploads\/2023\/02\/one-week-after-hair-transplant-1024x576-1.webp 1024w, https:\/\/estenbulhealth.com\/wp-content\/uploads\/2023\/02\/one-week-after-hair-transplant-1024x576-1-300x169.webp 300w, https:\/\/estenbulhealth.com\/wp-content\/uploads\/2023\/02\/one-week-after-hair-transplant-1024x576-1-768x432.webp 768w\" sizes=\"auto, (max-width: 1024px) 100vw, 1024px\" \/><\/figure>\n\n\n\n<h2 class=\"wp-block-heading\">Sa\u00e7 Ekimi Sonras\u0131 Genel Bak\u0131m \u0130pu\u00e7lar\u0131<\/h2>\n\n\n\n<h3 class=\"wp-block-heading\">Uygun \u015eampuan Kullan\u0131m\u0131<\/h3>\n\n\n\n<p>Sa\u00e7 ekimi sonras\u0131, sa\u00e7lar\u0131n\u0131z i\u00e7in uygun olan ve doktorunuzun \u00f6nerdi\u011fi \u015fampuanlar\u0131 kullanmal\u0131s\u0131n\u0131z. Bu \u015fampuanlar, sa\u00e7 derisini tahri\u015f etmeden temizler. Uygun \u015fampuan kullan\u0131m\u0131, sa\u00e7 k\u00f6klerinin sa\u011fl\u0131kl\u0131 bir \u015fekilde b\u00fcy\u00fcmesini destekler ve enfeksiyon riskini azalt\u0131r. \u015eampuan se\u00e7iminde dikkat edilmesi gereken en \u00f6nemli nokta, i\u00e7eri\u011finde zararl\u0131 kimyasallar bulundurmayan \u00fcr\u00fcnleri tercih etmektir.<\/p>\n\n\n\n<h3 class=\"wp-block-heading\">Sa\u00e7 Y\u0131kama Teknikleri<\/h3>\n\n\n\n<p>Sa\u00e7 y\u0131kama, nazik hareketlerle ve \u0131l\u0131k suyla yap\u0131lmal\u0131d\u0131r. Sa\u00e7 derisine fazla bask\u0131 uygulamaktan ka\u00e7\u0131nmal\u0131s\u0131n\u0131z. \u0130lk g\u00fcnlerde sa\u00e7 y\u0131kama i\u015flemi s\u0131ras\u0131nda sa\u00e7 k\u00f6klerine zarar vermemek i\u00e7in parmak u\u00e7lar\u0131n\u0131z\u0131 kullanarak nazik\u00e7e masaj yapmal\u0131s\u0131n\u0131z. Sa\u00e7lar\u0131n\u0131z\u0131 durularken suyun s\u0131cakl\u0131\u011f\u0131na dikkat etmeli ve a\u015f\u0131r\u0131 s\u0131cak sudan ka\u00e7\u0131nmal\u0131s\u0131n\u0131z. Sa\u00e7lar\u0131n\u0131z\u0131 y\u0131kad\u0131ktan sonra, nazik\u00e7e kurulamay\u0131 ve sa\u00e7 kurutma makinesini d\u00fc\u015f\u00fck \u0131s\u0131da kullanmay\u0131 tercih etmelisiniz.<\/p>\n\n\n\n<figure class=\"wp-block-image size-full\"><img loading=\"lazy\" decoding=\"async\" width=\"484\" height=\"302\" src=\"https:\/\/estenbulhealth.com\/wp-content\/uploads\/2023\/10\/shampoo-and-lotion.webp\" alt=\"Shampoo and Lotion\" class=\"wp-image-38034\" title=\"\" srcset=\"https:\/\/estenbulhealth.com\/wp-content\/uploads\/2023\/10\/shampoo-and-lotion.webp 484w, https:\/\/estenbulhealth.com\/wp-content\/uploads\/2023\/10\/shampoo-and-lotion-300x187.webp 300w\" sizes=\"auto, (max-width: 484px) 100vw, 484px\" \/><\/figure>\n\n\n\n<h3 class=\"wp-block-heading\">Ka\u015f\u0131nt\u0131 ve Tahri\u015f Y\u00f6netimi<\/h3>\n\n\n\n<p>Ka\u015f\u0131nt\u0131 ve tahri\u015f, sa\u00e7 ekimi sonras\u0131 yayg\u0131n olarak g\u00f6r\u00fcl\u00fcr. Bu durumlarla ba\u015fa \u00e7\u0131kmak i\u00e7in doktorunuzun \u00f6nerdi\u011fi kremleri veya losyonlar\u0131 kullanabilirsiniz. Ka\u015f\u0131nt\u0131y\u0131 hafifletmek i\u00e7in so\u011fuk kompres uygulamak da etkili olabilir. Ka\u015f\u0131nt\u0131 ve tahri\u015fin artmas\u0131 durumunda, doktorunuza ba\u015fvurman\u0131z \u00f6nemlidir. Ka\u015f\u0131nt\u0131 ve tahri\u015fi azaltmak i\u00e7in sa\u00e7 ekimi sonras\u0131 bak\u0131m i\u00e7in hijyen kurallar\u0131na dikkat etmeli ve sa\u00e7 derisini temiz tutmal\u0131s\u0131n\u0131z.<\/p>\n\n\n\n<h3 class=\"wp-block-heading\">Uyku Pozisyonu ve Yast\u0131k Se\u00e7imi<\/h3>\n\n\n\n<p>Sa\u00e7 ekimi sonras\u0131 bak\u0131m i\u00e7in uyku pozisyonu da \u00f6nemlidir. Ba\u015f\u0131n\u0131z\u0131 y\u00fcksek tutarak ve \u00f6zel yast\u0131klar kullanarak uyuman\u0131z, ekilen sa\u00e7 k\u00f6klerinin zarar g\u00f6rmesini \u00f6nler. \u0130lk birka\u00e7 hafta boyunca s\u0131rt \u00fcst\u00fc yatmak, sa\u00e7 k\u00f6klerinin korunmas\u0131na yard\u0131mc\u0131 olur. Uyku pozisyonu olarak yan yatmaktan ka\u00e7\u0131nmal\u0131s\u0131n\u0131z. Ayr\u0131ca, yast\u0131k k\u0131l\u0131f\u0131n\u0131z\u0131 d\u00fczenli olarak de\u011fi\u015ftirerek hijyenik bir ortamda uyuman\u0131z \u00f6nemlidir.<\/p>\n\n\n\n<h2 class=\"wp-block-heading\">Beslenme ve Takviyeler<\/h2>\n\n\n\n<h3 class=\"wp-block-heading\">Sa\u00e7 B\u00fcy\u00fcmesini Destekleyen Besinler<\/h3>\n\n\n\n<p>Protein, vitamin ve mineral a\u00e7\u0131s\u0131ndan zengin besinler, sa\u00e7 b\u00fcy\u00fcmesini destekler. Yumurta, somon ve ye\u015fil yaprakl\u0131 sebzeler gibi besinler, sa\u00e7 sa\u011fl\u0131\u011f\u0131 i\u00e7in faydal\u0131d\u0131r. Biotin, \u00e7inko, demir ve omega-3 ya\u011f asitleri i\u00e7eren besinler, sa\u00e7 k\u00f6klerinin g\u00fc\u00e7lenmesine yard\u0131mc\u0131 olur. Sa\u011fl\u0131kl\u0131 bir diyet, sa\u00e7 ekimi sonras\u0131 sa\u00e7lar\u0131n daha h\u0131zl\u0131 ve sa\u011fl\u0131kl\u0131 bir \u015fekilde uzamas\u0131n\u0131 destekler.<\/p>\n\n\n\n<h3 class=\"wp-block-heading\">Takviyelerin Rol\u00fc<\/h3>\n\n\n\n<p>Biyotin ve \u00e7inko gibi takviyeler, sa\u00e7 k\u00f6klerinin g\u00fc\u00e7lenmesine yard\u0131mc\u0131 olabilir. Ancak, bu takviyeleri doktorunuza dan\u0131\u015fmadan kullanmamal\u0131s\u0131n\u0131z. Takviyelerin yan\u0131 s\u0131ra, multivitaminler de sa\u00e7 sa\u011fl\u0131\u011f\u0131na olumlu katk\u0131da bulunabilir. Sa\u00e7 ekimi sonras\u0131 beslenme d\u00fczeninizi g\u00f6zden ge\u00e7irerek, eksik vitamin ve mineralleri takviyelerle destekleyebilirsiniz.<\/p>\n\n\n\n<h2 class=\"wp-block-heading\">Aktivite ve Spor<\/h2>\n\n\n\n<h3 class=\"wp-block-heading\">Egzersizden Ka\u00e7\u0131nma S\u00fcresi<\/h3>\n\n\n\n<p>Operasyon sonras\u0131 ilk birka\u00e7 hafta a\u011f\u0131r egzersizlerden ka\u00e7\u0131nmal\u0131s\u0131n\u0131z. Hafif y\u00fcr\u00fcy\u00fc\u015fler, iyile\u015fme s\u00fcrecini destekler. A\u011f\u0131r egzersizler, sa\u00e7 k\u00f6klerine zarar verebilir ve iyile\u015fme s\u00fcrecini olumsuz etkileyebilir. \u0130lk haftalardan sonra, doktorunuzun onay\u0131yla hafif egzersizlere ba\u015flayabilirsiniz.<\/p>\n\n\n\n<h3 class=\"wp-block-heading\">A\u011f\u0131r \u0130\u015flerden Ka\u00e7\u0131nma<\/h3>\n\n\n\n<p>A\u011f\u0131r kald\u0131rma veya yo\u011fun fiziksel aktivitelerden ka\u00e7\u0131nmak, ekilen sa\u00e7 k\u00f6klerinin zarar g\u00f6rmesini \u00f6nler. Sa\u00e7 ekimi sonras\u0131 iyile\u015fme s\u00fcrecinde, a\u011f\u0131r fiziksel aktivitelerden ka\u00e7\u0131nmal\u0131 ve v\u00fccudunuzu zorlamamal\u0131s\u0131n\u0131z. \u0130\u015f yerinde a\u011f\u0131r i\u015flerden ka\u00e7\u0131nmak i\u00e7in i\u015f arkada\u015flar\u0131n\u0131zdan destek isteyebilirsiniz.<\/p>\n\n\n\n<h2 class=\"wp-block-heading\">Sigara ve Alkol T\u00fcketimi<\/h2>\n\n\n\n<p>Sigara ve alkol, iyile\u015fme s\u00fcrecini olumsuz etkileyebilir. Bu maddelerin t\u00fcketiminden ka\u00e7\u0131nmak, daha h\u0131zl\u0131 bir iyile\u015fme sa\u011flar. Sigara, sa\u00e7 k\u00f6klerinin oksijen al\u0131m\u0131n\u0131 azaltarak iyile\u015fme s\u00fcrecini geciktirir. Alkol ise v\u00fccutta dehidrasyona neden olarak sa\u00e7 sa\u011fl\u0131\u011f\u0131n\u0131 olumsuz etkiler. Sa\u00e7 ekimi sonras\u0131 bak\u0131m i\u00e7in, sigara ve alkol t\u00fcketimini en aza indirmeniz \u00f6nemlidir.<\/p>\n\n\n\n<figure class=\"wp-block-image size-large\"><img loading=\"lazy\" decoding=\"async\" width=\"1024\" height=\"691\" src=\"https:\/\/estenbulhealth.com\/wp-content\/uploads\/2024\/07\/sac-ekim-sonrasi-sigara-ve-alkol-kullanimi-1024x691.png\" alt=\"Sa\u00e7 Ekim Sonras\u0131 Sigara ve Alkol Kullan\u0131m\u0131\" class=\"wp-image-39625\" title=\"\" srcset=\"https:\/\/estenbulhealth.com\/wp-content\/uploads\/2024\/07\/sac-ekim-sonrasi-sigara-ve-alkol-kullanimi-1024x691.png 1024w, https:\/\/estenbulhealth.com\/wp-content\/uploads\/2024\/07\/sac-ekim-sonrasi-sigara-ve-alkol-kullanimi-500x337.png 500w, https:\/\/estenbulhealth.com\/wp-content\/uploads\/2024\/07\/sac-ekim-sonrasi-sigara-ve-alkol-kullanimi-150x101.png 150w, https:\/\/estenbulhealth.com\/wp-content\/uploads\/2024\/07\/sac-ekim-sonrasi-sigara-ve-alkol-kullanimi-700x472.png 700w, https:\/\/estenbulhealth.com\/wp-content\/uploads\/2024\/07\/sac-ekim-sonrasi-sigara-ve-alkol-kullanimi-300x202.png 300w, https:\/\/estenbulhealth.com\/wp-content\/uploads\/2024\/07\/sac-ekim-sonrasi-sigara-ve-alkol-kullanimi-768x518.png 768w, https:\/\/estenbulhealth.com\/wp-content\/uploads\/2024\/07\/sac-ekim-sonrasi-sigara-ve-alkol-kullanimi.png 1290w\" sizes=\"auto, (max-width: 1024px) 100vw, 1024px\" \/><\/figure>\n\n\n\n<h2 class=\"wp-block-heading\">Stres Y\u00f6netimi<\/h2>\n\n\n\n<p>Stres, sa\u00e7 sa\u011fl\u0131\u011f\u0131n\u0131 olumsuz etkileyebilir. Meditasyon, yoga ve derin nefes egzersizleri gibi stres y\u00f6netim teknikleri, iyile\u015fme s\u00fcrecine olumlu katk\u0131da bulunur. Stres, sa\u00e7 d\u00f6k\u00fclmesini art\u0131rabilir ve iyile\u015fme s\u00fcrecini olumsuz etkileyebilir. Stres y\u00f6netimi tekniklerini g\u00fcnl\u00fck rutininize ekleyerek, sa\u00e7 sa\u011fl\u0131\u011f\u0131n\u0131z\u0131 koruyabilirsiniz.<\/p>\n\n\n\n<h2 class=\"wp-block-heading\">D\u00fczenli Kontroller ve Doktor Tavsiyeleri<\/h2>\n\n\n\n<p>Doktorunuzla d\u00fczenli olarak kontrole gitmek, iyile\u015fme s\u00fcrecinin sorunsuz ilerlemesini sa\u011flar. Herhangi bir sorun durumunda, doktorunuzun tavsiyelerine uymak \u00f6nemlidir. Sa\u00e7 ekimi sonras\u0131 bak\u0131m i\u00e7in d\u00fczenli kontroller, olas\u0131 komplikasyonlar\u0131n erken tespit edilmesini ve tedavi edilmesini sa\u011flar. Doktorunuzun \u00f6nerilerine uyarak, sa\u00e7 ekimi sonras\u0131 s\u00fcreci daha sa\u011fl\u0131kl\u0131 bir \u015fekilde ge\u00e7irebilirsiniz.<\/p>\n\n\n\n<h2 class=\"wp-block-heading\">Beklenen ve Beklenmeyen Yan Etkiler<\/h2>\n\n\n\n<h3 class=\"wp-block-heading\">\u015ei\u015flik ve Morluklar<\/h3>\n\n\n\n<p>\u015ei\u015flik ve morluklar, sa\u00e7 ekimi sonras\u0131 yayg\u0131n olarak g\u00f6r\u00fclen yan etkilerdir. Bu durumlar genellikle birka\u00e7 g\u00fcn i\u00e7inde d\u00fczelir. \u015ei\u015flik ve morluklar\u0131 azaltmak i\u00e7in so\u011fuk kompres uygulayabilirsiniz. Ayr\u0131ca, ba\u015f\u0131n\u0131z\u0131 y\u00fcksek tutarak uyumak da \u015fi\u015fliklerin azalmas\u0131na yard\u0131mc\u0131 olur. \u015ei\u015flik ve morluklar, genellikle ameliyat b\u00f6lgesinde lokalizedir ve birka\u00e7 g\u00fcn i\u00e7inde kendili\u011finden ge\u00e7er.<\/p>\n\n\n\n<h3 class=\"wp-block-heading\">Enfeksiyon Riski<\/h3>\n\n\n\n<p>Enfeksiyon riski, her cerrahi operasyonda oldu\u011fu gibi sa\u00e7 ekimi sonras\u0131 da mevcuttur. Sa\u00e7 ekimi sonras\u0131 bak\u0131m i\u00e7in temizli\u011fe dikkat ederek ve doktorunuzun \u00f6nerdi\u011fi antibiyotikleri kullanarak bu riski azaltabilirsiniz. Enfeksiyon belirtileri aras\u0131nda k\u0131zar\u0131kl\u0131k, \u015fi\u015flik, a\u011fr\u0131 ve ate\u015f yer al\u0131r. Bu belirtiler ortaya \u00e7\u0131karsa, derhal doktorunuza ba\u015fvurmal\u0131s\u0131n\u0131z. Enfeksiyon riskini azaltmak i\u00e7in sa\u00e7 ekimi sonras\u0131 hijyen kurallar\u0131na dikkat etmeli ve sa\u00e7 derisini temiz tutmal\u0131s\u0131n\u0131z.<\/p>\n\n\n\n<h2 class=\"wp-block-heading\">Uzun Vadeli Sa\u00e7 Bak\u0131m\u0131<\/h2>\n\n\n\n<h3 class=\"wp-block-heading\">Sa\u00e7 K\u0131ran ve D\u00f6k\u00fclme \u00d6nleme<\/h3>\n\n\n\n<p>Sa\u00e7 k\u0131ran ve d\u00f6k\u00fclme sorunlar\u0131n\u0131 \u00f6nlemek i\u00e7in sa\u00e7\u0131n\u0131za nazik davranmal\u0131 ve uygun bak\u0131m \u00fcr\u00fcnleri kullanmal\u0131s\u0131n\u0131z. Sa\u00e7 k\u0131ran, sa\u00e7 k\u00f6klerinin zay\u0131flamas\u0131 ve sa\u00e7 tellerinin kopmas\u0131 sonucu olu\u015fur. Sa\u00e7 k\u0131ran ve d\u00f6k\u00fclmeyi \u00f6nlemek i\u00e7in, sa\u00e7lar\u0131n\u0131z\u0131 d\u00fczenli olarak kestirerek sa\u011fl\u0131kl\u0131 kalmas\u0131n\u0131 sa\u011flayabilirsiniz. Ayr\u0131ca, sa\u00e7lar\u0131n\u0131z\u0131 s\u0131k s\u0131k taramaktan ka\u00e7\u0131nmal\u0131 ve sa\u00e7 \u015fekillendirici \u00fcr\u00fcnleri dikkatli kullanmal\u0131s\u0131n\u0131z.<\/p>\n\n\n\n<h3 class=\"wp-block-heading\">Sa\u00e7\u0131n Sa\u011fl\u0131kl\u0131 Kalmas\u0131 \u0130\u00e7in Yap\u0131lmas\u0131 Gerekenler<\/h3>\n\n\n\n<p>Sa\u00e7 sa\u011fl\u0131\u011f\u0131n\u0131 korumak i\u00e7in d\u00fczenli bak\u0131m, do\u011fru beslenme ve stresten uzak durmak \u00f6nemlidir. Ayr\u0131ca, sa\u00e7lar\u0131n\u0131z\u0131 d\u00fczenli olarak kestirmek de sa\u011fl\u0131kl\u0131 kalmas\u0131na yard\u0131mc\u0131 olur. Sa\u00e7 sa\u011fl\u0131\u011f\u0131 i\u00e7in d\u00fczenli olarak sa\u00e7 maskeleri ve sa\u00e7 bak\u0131m ya\u011flar\u0131 kullanabilirsiniz. Sa\u00e7lar\u0131n\u0131z\u0131 y\u0131karken nazik davranmal\u0131 ve s\u0131cak su yerine \u0131l\u0131k su kullanmal\u0131s\u0131n\u0131z. Sa\u00e7lar\u0131n\u0131z\u0131 s\u0131k s\u0131k y\u0131kamaktan ka\u00e7\u0131nmal\u0131 ve do\u011fal ya\u011flar\u0131n\u0131n korunmas\u0131n\u0131 sa\u011flamal\u0131s\u0131n\u0131z.<\/p>\n\n\n\n<h2 class=\"wp-block-heading\">Sa\u00e7 Ekimi Sonras\u0131 Psikolojik Durum<\/h2>\n\n\n\n<h3 class=\"wp-block-heading\">G\u00f6r\u00fcn\u00fcm ve \u00d6zg\u00fcven<\/h3>\n\n\n\n<p>Sa\u00e7 ekimi sonras\u0131 yeni g\u00f6r\u00fcn\u00fcm\u00fcn\u00fcz, \u00f6zg\u00fcveninizi art\u0131rabilir. Ancak, sonu\u00e7lar\u0131n hemen g\u00f6r\u00fclmeyece\u011fini unutmamal\u0131 ve sab\u0131rl\u0131 olmal\u0131s\u0131n\u0131z. Sa\u00e7 ekimi sonras\u0131 iyile\u015fme s\u00fcreci zaman alabilir ve yeni sa\u00e7lar\u0131n \u00e7\u0131kmas\u0131 birka\u00e7 ay s\u00fcrebilir. Bu s\u00fcre\u00e7te sab\u0131rl\u0131 olmak ve olumlu d\u00fc\u015f\u00fcnmek \u00f6nemlidir. Sa\u00e7 ekimi sonras\u0131 \u00f6zg\u00fcveninizin artmas\u0131 i\u00e7in, yeni g\u00f6r\u00fcn\u00fcm\u00fcn\u00fcz\u00fc benimsemeli ve kendinize g\u00fcvenmelisiniz.<\/p>\n\n\n\n<h3 class=\"wp-block-heading\">Sab\u0131r ve Beklentilerin Y\u00f6netimi<\/h3>\n\n\n\n<p>Sa\u00e7 ekimi sonu\u00e7lar\u0131 genellikle birka\u00e7 ay i\u00e7inde belirginle\u015fir. Beklentilerinizi y\u00f6netmek ve sab\u0131rl\u0131 olmak, bu s\u00fcreci daha rahat ge\u00e7irmenizi sa\u011flar. Sa\u00e7 ekimi sonras\u0131, sonu\u00e7lar\u0131n hemen g\u00f6r\u00fclmeyece\u011fini ve yeni sa\u00e7lar\u0131n \u00e7\u0131kmas\u0131n\u0131n zaman alaca\u011f\u0131n\u0131 bilmek \u00f6nemlidir. Sab\u0131rl\u0131 olmak ve doktorunuzun \u00f6nerilerine uymak, sa\u00e7 ekimi sonras\u0131 s\u00fcrecin daha sa\u011fl\u0131kl\u0131 ve rahat ge\u00e7mesini sa\u011flar.<\/p>\n\n\n\n<h2 class=\"wp-block-heading\">S\u0131k\u00e7a Sorulan Sorular (FAQs)<\/h2>\n\n\n<div id=\"rank-math-faq\" class=\"rank-math-block\">\n<div class=\"rank-math-list \">\n<div id=\"faq-question-1720186700953\" class=\"rank-math-list-item\">\n<h3 class=\"rank-math-question \">Sa\u00e7 Ekimi Sonras\u0131 A\u011fr\u0131 Olur mu?<\/h3>\n<div class=\"rank-math-answer \">\n\n<p>Sa\u00e7 ekimi sonras\u0131 hafif a\u011fr\u0131 ve rahats\u0131zl\u0131k normaldir. Ancak, bu a\u011fr\u0131lar genellikle birka\u00e7 g\u00fcn i\u00e7inde azal\u0131r. Doktorunuzun \u00f6nerdi\u011fi a\u011fr\u0131 kesicileri kullanarak a\u011fr\u0131lar\u0131 hafifletebilirsiniz. A\u011fr\u0131lar\u0131n \u015fiddetlenmesi durumunda, derhal doktorunuza ba\u015fvurmal\u0131s\u0131n\u0131z. Sa\u00e7 ekimi sonras\u0131 a\u011fr\u0131lar genellikle lokal anestezinin etkisi ge\u00e7tikten sonra ortaya \u00e7\u0131kar ve birka\u00e7 g\u00fcn i\u00e7inde kendili\u011finden ge\u00e7er.<\/p>\n\n<\/div>\n<\/div>\n<div id=\"faq-question-1720186713408\" class=\"rank-math-list-item\">\n<h3 class=\"rank-math-question \">Ne Zaman Normal Hayat\u0131ma D\u00f6nerim?<\/h3>\n<div class=\"rank-math-answer \">\n\n<p>Sa\u00e7 ekimi sonras\u0131 normal hayat\u0131n\u0131za d\u00f6nmeniz genellikle birka\u00e7 hafta s\u00fcrer. Ancak, tam iyile\u015fme s\u00fcreci birka\u00e7 ay\u0131 bulabilir. \u0130lk haftalar boyunca a\u011f\u0131r fiziksel aktivitelerden ka\u00e7\u0131nmal\u0131 ve sa\u00e7 ekimi yap\u0131lan b\u00f6lgeye zarar vermemeye \u00f6zen g\u00f6stermelisiniz. Doktorunuzun \u00f6nerilerine uyarak, normal hayat\u0131n\u0131za d\u00f6nme s\u00fcrecini h\u0131zland\u0131rabilirsiniz. Sa\u00e7 ekimi sonras\u0131 iyile\u015fme s\u00fcreci ki\u015fiden ki\u015fiye farkl\u0131l\u0131k g\u00f6sterebilir ve tam iyile\u015fme s\u00fcreci birka\u00e7 ay s\u00fcrebilir.<\/p>\n\n<\/div>\n<\/div>\n<div id=\"faq-question-1720187433314\" class=\"rank-math-list-item\">\n<h3 class=\"rank-math-question \">Sa\u00e7 Ekimi Sonras\u0131 Sa\u00e7lar\u0131m Ne Zaman \u00c7\u0131kar?<\/h3>\n<div class=\"rank-math-answer \">\n\n<p>Sa\u00e7 ekimi sonras\u0131 yeni sa\u00e7lar\u0131n\u0131z\u0131n \u00e7\u0131kmas\u0131 genellikle 3-6 ay s\u00fcrebilir. Tam sonu\u00e7lar ise 12 ay\u0131 bulabilir. \u0130lk birka\u00e7 ay i\u00e7inde sa\u00e7 ekimi yap\u0131lan b\u00f6lgedeki sa\u00e7lar d\u00f6k\u00fclebilir, bu normal bir durumdur ve \u015fok d\u00f6k\u00fclme olarak adland\u0131r\u0131l\u0131r. Bu d\u00f6nemin ard\u0131ndan, yeni sa\u00e7lar \u00e7\u0131kmaya ba\u015flar ve sa\u00e7 ekimi yap\u0131lan b\u00f6lgedeki sa\u00e7 yo\u011funlu\u011fu artar. Sa\u00e7 ekimi sonu\u00e7lar\u0131n\u0131n tam olarak g\u00f6r\u00fclmesi ve yeni sa\u00e7lar\u0131n \u00e7\u0131kmas\u0131 genellikle bir y\u0131l\u0131 bulabilir.<\/p>\n\n<\/div>\n<\/div>\n<div id=\"faq-question-1720187445331\" class=\"rank-math-list-item\">\n<h3 class=\"rank-math-question \">Sa\u00e7 Ekimi Ba\u015far\u0131s\u0131z Olursa Ne Yapmal\u0131y\u0131m?<\/h3>\n<div class=\"rank-math-answer \">\n\n<p>Sa\u00e7 ekimi sonu\u00e7lar\u0131 beklentilerinizi kar\u015f\u0131lamazsa, doktorunuzla g\u00f6r\u00fc\u015ferek durumu de\u011ferlendirmelisiniz. Gerekirse, ikinci bir sa\u00e7 ekimi i\u015flemi yap\u0131labilir. Sa\u00e7 ekimi ba\u015far\u0131s\u0131z olursa, alternatif tedavi y\u00f6ntemleri de d\u00fc\u015f\u00fcn\u00fclebilir. Doktorunuzun \u00f6nerilerine uyarak, sa\u00e7 ekimi sonu\u00e7lar\u0131n\u0131n iyile\u015ftirilmesi i\u00e7in gerekli ad\u0131mlar\u0131 atabilirsiniz. Sa\u00e7 ekimi sonras\u0131 ba\u015far\u0131s\u0131zl\u0131k durumunda, sab\u0131rl\u0131 olmak ve doktorunuzla ileti\u015fimde kalmak \u00f6nemlidir.<\/p>\n\n<\/div>\n<\/div>\n<div id=\"faq-question-1720187453666\" class=\"rank-math-list-item\">\n<h3 class=\"rank-math-question \">Sa\u00e7 Ekimi Sonras\u0131 \u0130z Kal\u0131r m\u0131?<\/h3>\n<div class=\"rank-math-answer \">\n\n<p>Sa\u00e7 ekimi sonras\u0131 iz kalma durumu, kullan\u0131lan tekni\u011fe ba\u011fl\u0131 olarak de\u011fi\u015febilir. FUE tekni\u011fi, daha az iz b\u0131rak\u0131rken, FUT tekni\u011finde \u015ferit \u015feklinde iz kalabilir. \u0130z kalma durumu, sa\u00e7 ekimi yap\u0131lan b\u00f6lgenin ve don\u00f6r b\u00f6lgenin iyile\u015fme s\u00fcrecine ba\u011fl\u0131 olarak de\u011fi\u015fir. FUE tekni\u011fi ile yap\u0131lan sa\u00e7 ekimlerinde iz kalma olas\u0131l\u0131\u011f\u0131 daha d\u00fc\u015f\u00fckt\u00fcr. Sa\u00e7 ekimi sonras\u0131 iz kalma riskini azaltmak i\u00e7in, doktorunuzun \u00f6nerilerine uyarak iyile\u015fme s\u00fcrecini destekleyebilirsiniz.<\/p>\n\n<\/div>\n<\/div>\n<\/div>\n<\/div>\n\n\n<h3 class=\"wp-block-heading\"><\/h3>\n","protected":false},"excerpt":{"rendered":"<p>Sa\u00e7 ekimi, bir\u00e7ok insan i\u00e7in yeni bir ba\u015flang\u0131\u00e7 anlam\u0131na gelir. Ancak, bu s\u00fcrecin sadece sa\u00e7 ekimiyle s\u0131n\u0131rl\u0131 olmad\u0131\u011f\u0131n\u0131, sonras\u0131 bak\u0131m\u0131n\u0131n<\/p>\n","protected":false},"author":24,"featured_media":41477,"comment_status":"closed","ping_status":"closed","sticky":false,"template":"","format":"standard","meta":{"content-type":"","footnotes":""},"categories":[387],"tags":[],"class_list":["post-39621","post","type-post","status-publish","format-standard","has-post-thumbnail","hentry","category-sac-ekimi"],"_links":{"self":[{"href":"https:\/\/estenbulhealth.com\/tr\/wp-json\/wp\/v2\/posts\/39621","targetHints":{"allow":["GET"]}}],"collection":[{"href":"https:\/\/estenbulhealth.com\/tr\/wp-json\/wp\/v2\/posts"}],"about":[{"href":"https:\/\/estenbulhealth.com\/tr\/wp-json\/wp\/v2\/types\/post"}],"author":[{"embeddable":true,"href":"https:\/\/estenbulhealth.com\/tr\/wp-json\/wp\/v2\/users\/24"}],"replies":[{"embeddable":true,"href":"https:\/\/estenbulhealth.com\/tr\/wp-json\/wp\/v2\/comments?post=39621"}],"version-history":[{"count":4,"href":"https:\/\/estenbulhealth.com\/tr\/wp-json\/wp\/v2\/posts\/39621\/revisions"}],"predecessor-version":[{"id":39646,"href":"https:\/\/estenbulhealth.com\/tr\/wp-json\/wp\/v2\/posts\/39621\/revisions\/39646"}],"wp:featuredmedia":[{"embeddable":true,"href":"https:\/\/estenbulhealth.com\/tr\/wp-json\/wp\/v2\/media\/41477"}],"wp:attachment":[{"href":"https:\/\/estenbulhealth.com\/tr\/wp-json\/wp\/v2\/media?parent=39621"}],"wp:term":[{"taxonomy":"category","embeddable":true,"href":"https:\/\/estenbulhealth.com\/tr\/wp-json\/wp\/v2\/categories?post=39621"},{"taxonomy":"post_tag","embeddable":true,"href":"https:\/\/estenbulhealth.com\/tr\/wp-json\/wp\/v2\/tags?post=39621"}],"curies":[{"name":"wp","href":"https:\/\/api.w.org\/{rel}","templated":true}]}}