{"id":35706,"date":"2023-08-15T13:12:29","date_gmt":"2023-08-15T10:12:29","guid":{"rendered":"https:\/\/estenbulhealth.com\/?p=35706"},"modified":"2023-09-19T16:17:00","modified_gmt":"2023-09-19T13:17:00","slug":"sac-ekiminde-vertex-bolgesi","status":"publish","type":"post","link":"https:\/\/estenbulhealth.com\/tr\/blog\/sac-ekiminde-vertex-bolgesi\/","title":{"rendered":"Sa\u00e7 Ekimi ve Vertex B\u00f6lgesi: Sa\u00e7 Ekiminde \u00d6nemli Bir Fakt\u00f6r"},"content":{"rendered":"\n<p>Sa\u00e7, insanlar\u0131n d\u0131\u015f g\u00f6r\u00fcn\u00fc\u015flerini \u015fekillendiren \u00f6nemli bir unsurdur. <a href=\"https:\/\/estenbulhealth.com\/tr\/blog\/sac-dokulmesinin-nedenleri\/\" data-type=\"post\" data-id=\"8323\">Sa\u00e7 d\u00f6k\u00fclmesi<\/a> veya seyrek sa\u00e7lar, bir\u00e7ok insan i\u00e7in \u00f6zg\u00fcven kayb\u0131na neden olabilir ve bu da sosyal ya\u015fam\u0131 etkileyebilir. Neyse ki, t\u0131p ve estetik alan\u0131ndaki geli\u015fmeler sayesinde, sa\u00e7 d\u00f6k\u00fclmesi sorunlar\u0131na \u00e7\u00f6z\u00fcm bulmak art\u0131k m\u00fcmk\u00fcn hale gelmi\u015ftir. Sa\u00e7 ekimi, bu sorunlar\u0131 \u00e7\u00f6zmek i\u00e7in pop\u00fcler bir se\u00e7enek haline gelmi\u015ftir. Bu makalede, sa\u00e7 ekiminin bir y\u00f6n\u00fc olan &#8220;vertex&#8221; b\u00f6lgesi hakk\u0131nda daha fazla bilgi edineceksiniz.<\/p>\n\n\n\n<h2 class=\"wp-block-heading\">Sa\u00e7 Ekimi Nedir?<\/h2>\n\n\n\n<p><a href=\"https:\/\/estenbulhealth.com\/tr\/\" data-type=\"link\" data-id=\"https:\/\/estenbulhealth.com\/tr\/\">Sa\u00e7 ekimi<\/a>, sa\u00e7 d\u00f6k\u00fclmesi ya\u015fayan bireylerin sa\u00e7 folik\u00fcllerini al\u0131nan b\u00f6lgelerden al\u0131p, d\u00f6k\u00fclen veya seyrek olan b\u00f6lgelere nakledilmesi i\u015flemidir. Bu i\u015flem, estetik cerrahi uzmanlar\u0131 ve sa\u00e7 restorasyon uzmanlar\u0131 taraf\u0131ndan ger\u00e7ekle\u015ftirilir. Modern sa\u00e7 ekimi teknikleri, do\u011fal g\u00f6r\u00fcn\u00fcml\u00fc sonu\u00e7lar elde etmeyi ama\u00e7lar. Bu tekniklerden biri de &#8220;vertex&#8221; b\u00f6lgesine odaklanmakt\u0131r.<\/p>\n\n\n\n<h2 class=\"wp-block-heading\"><strong>Vertex B\u00f6lgesi Nedir?<\/strong><\/h2>\n\n\n\n<p>Vertex b\u00f6lgesi, sa\u00e7l\u0131 derinin \u00fcst k\u0131sm\u0131nda yer alan tepe noktas\u0131d\u0131r. Bu b\u00f6lge, genellikle sa\u00e7 d\u00f6k\u00fclmesinin en belirgin oldu\u011fu alanlardan biridir. Vertex b\u00f6lgesindeki sa\u00e7 d\u00f6k\u00fclmesi, erkeklerde genellikle kellikle sonu\u00e7lanan frontal ve temporal b\u00f6lgelerdeki sa\u00e7 d\u00f6k\u00fclmesi ile birle\u015ferek ilerler. Bu nedenle, sa\u00e7 ekimi operasyonlar\u0131nda vertex b\u00f6lgesine \u00f6zel bir \u00f6nem verilmesi gerekmektedir.<\/p>\n\n\n\n<figure class=\"wp-block-image size-large is-resized\"><img loading=\"lazy\" decoding=\"async\" src=\"https:\/\/estenbulhealth.com\/wp-content\/uploads\/2023\/08\/vertex-area-768x1024.webp\" alt=\"Hair Transplant in Turkey with Estenbul Health\" class=\"wp-image-35713\" style=\"width:323px;height:430px\" width=\"323\" height=\"430\" title=\"\" srcset=\"https:\/\/estenbulhealth.com\/wp-content\/uploads\/2023\/08\/vertex-area-768x1024.webp 768w, https:\/\/estenbulhealth.com\/wp-content\/uploads\/2023\/08\/vertex-area-225x300.webp 225w, https:\/\/estenbulhealth.com\/wp-content\/uploads\/2023\/08\/vertex-area-1152x1536.webp 1152w, https:\/\/estenbulhealth.com\/wp-content\/uploads\/2023\/08\/vertex-area.webp 1536w\" sizes=\"auto, (max-width: 323px) 100vw, 323px\" \/><\/figure>\n\n\n\n<h3 class=\"wp-block-heading\">Vertex B\u00f6lgesi Sa\u00e7 Ekimi<\/h3>\n\n\n\n<p>Vertex b\u00f6lgesine y\u00f6nelik sa\u00e7 ekimi, estetik cerrahlar\u0131n ve sa\u00e7 restorasyon uzmanlar\u0131n\u0131n dikkatlice planlad\u0131\u011f\u0131 bir prosed\u00fcrd\u00fcr. Bu b\u00f6lgedeki sa\u00e7 d\u00f6k\u00fclmesi genellikle yayg\u0131n oldu\u011fu i\u00e7in, tek seferde yeterli sa\u00e7 folik\u00fcl\u00fc ekimi yapmak \u00f6nemlidir. Sa\u00e7 ekimi uzmanlar\u0131, vertex b\u00f6lgesine \u00f6zg\u00fc planlamalar yaparak, sonu\u00e7lar\u0131n do\u011fal ve simetrik g\u00f6r\u00fcnmesini sa\u011flamak i\u00e7in \u00e7aba harcarlar.<\/p>\n\n\n\n<h3 class=\"wp-block-heading\">Vertex B\u00f6lgesi Sa\u00e7 Ekimi Teknikleri<\/h3>\n\n\n\n<p>Sa\u00e7 ekimi operasyonlar\u0131 i\u00e7in farkl\u0131 teknikler bulunmaktad\u0131r ve bu teknikler vertex b\u00f6lgesine uyarlanabilir. \u0130ki yayg\u0131n sa\u00e7 ekimi tekni\u011fi \u015funlard\u0131r:<\/p>\n\n\n\n<h4 class=\"wp-block-heading\"><a href=\"https:\/\/estenbulhealth.com\/tr\/fue-teknigi-follicular-unit-extraction\/\" data-type=\"page\" data-id=\"13354\">FUE (Follicular Unit Extraction)<\/a><\/h4>\n\n\n\n<p>Bu teknikte, sa\u00e7 folik\u00fclleri tek tek al\u0131n\u0131r ve nakledilecek b\u00f6lgeye ekilir. Vertex b\u00f6lgesine uyguland\u0131\u011f\u0131nda, uzmanlar sa\u00e7 folik\u00fcllerini \u00f6zenle se\u00e7er ve yerle\u015ftirir. Bu sayede do\u011fal bir g\u00f6r\u00fcn\u00fcm elde etmek m\u00fcmk\u00fcn olur.<\/p>\n\n\n\n<figure class=\"wp-block-image size-full is-resized\"><img loading=\"lazy\" decoding=\"async\" src=\"https:\/\/estenbulhealth.com\/wp-content\/uploads\/2022\/09\/watch-sapphire-fue-hair-transplant-process.png\" alt=\"Watch Sapphire FUE Hair Transplant Process\" class=\"wp-image-27717\" style=\"width:500px;height:333px\" width=\"500\" height=\"333\" title=\"\" srcset=\"https:\/\/estenbulhealth.com\/wp-content\/uploads\/2022\/09\/watch-sapphire-fue-hair-transplant-process.png 800w, https:\/\/estenbulhealth.com\/wp-content\/uploads\/2022\/09\/watch-sapphire-fue-hair-transplant-process-300x200.png 300w, https:\/\/estenbulhealth.com\/wp-content\/uploads\/2022\/09\/watch-sapphire-fue-hair-transplant-process-768x512.png 768w\" sizes=\"auto, (max-width: 500px) 100vw, 500px\" \/><\/figure>\n\n\n\n<h4 class=\"wp-block-heading\">FUT (Follicular Unit Transplantation)<\/h4>\n\n\n\n<p>Bu teknikte, sa\u00e7l\u0131 deriden bir \u015ferit kesilir ve bu \u015feritte bulunan sa\u00e7 folik\u00fclleri ayr\u0131l\u0131p nakledilecek b\u00f6lgeye ekilir. Vertex b\u00f6lgesine uyguland\u0131\u011f\u0131nda, geni\u015f alanlara daha fazla sa\u00e7 folik\u00fcl\u00fc ekimi yap\u0131labilir.<\/p>\n\n\n\n<figure class=\"wp-block-image size-large is-resized\"><img loading=\"lazy\" decoding=\"async\" src=\"https:\/\/estenbulhealth.com\/wp-content\/uploads\/2018\/08\/fue-hair-transplant-vs-fut-hair-transplant_thehairtransplanthub_3-e1499615803573-1024x978.jpg\" alt=\"FUT Prosed\u00fcr\" class=\"wp-image-8088\" style=\"width:491px;height:469px\" width=\"491\" height=\"469\" title=\"\" srcset=\"https:\/\/estenbulhealth.com\/wp-content\/uploads\/2018\/08\/fue-hair-transplant-vs-fut-hair-transplant_thehairtransplanthub_3-e1499615803573-1024x978.jpg 1024w, https:\/\/estenbulhealth.com\/wp-content\/uploads\/2018\/08\/fue-hair-transplant-vs-fut-hair-transplant_thehairtransplanthub_3-e1499615803573-300x287.jpg 300w, https:\/\/estenbulhealth.com\/wp-content\/uploads\/2018\/08\/fue-hair-transplant-vs-fut-hair-transplant_thehairtransplanthub_3-e1499615803573-768x733.jpg 768w, https:\/\/estenbulhealth.com\/wp-content\/uploads\/2018\/08\/fue-hair-transplant-vs-fut-hair-transplant_thehairtransplanthub_3-e1499615803573-200x191.jpg 200w, https:\/\/estenbulhealth.com\/wp-content\/uploads\/2018\/08\/fue-hair-transplant-vs-fut-hair-transplant_thehairtransplanthub_3-e1499615803573-400x382.jpg 400w, https:\/\/estenbulhealth.com\/wp-content\/uploads\/2018\/08\/fue-hair-transplant-vs-fut-hair-transplant_thehairtransplanthub_3-e1499615803573-600x573.jpg 600w, https:\/\/estenbulhealth.com\/wp-content\/uploads\/2018\/08\/fue-hair-transplant-vs-fut-hair-transplant_thehairtransplanthub_3-e1499615803573-800x764.jpg 800w, https:\/\/estenbulhealth.com\/wp-content\/uploads\/2018\/08\/fue-hair-transplant-vs-fut-hair-transplant_thehairtransplanthub_3-e1499615803573-1200x1146.jpg 1200w, https:\/\/estenbulhealth.com\/wp-content\/uploads\/2018\/08\/fue-hair-transplant-vs-fut-hair-transplant_thehairtransplanthub_3-e1499615803573.jpg 2000w\" sizes=\"auto, (max-width: 491px) 100vw, 491px\" \/><\/figure>\n\n\n\n<h3 class=\"wp-block-heading\">Vertex B\u00f6lgesi Sa\u00e7 Ekimi Operasyonu<\/h3>\n\n\n\n<p>Vertex b\u00f6lgesine y\u00f6nelik sa\u00e7 ekimi operasyonu, di\u011fer sa\u00e7 ekimi i\u015flemleri gibi genel anestezi alt\u0131nda ger\u00e7ekle\u015ftirilir. Operasyon s\u00fcresi, ekilecek sa\u00e7 folik\u00fcl\u00fc miktar\u0131na ba\u011fl\u0131 olarak de\u011fi\u015febilir. Sa\u00e7 ekimi operasyonu, uzman cerrahlar ve deneyimli ekipler taraf\u0131ndan ger\u00e7ekle\u015ftirildi\u011finde g\u00fcvenli bir \u015fekilde sonu\u00e7land\u0131r\u0131l\u0131r.<\/p>\n\n\n\n<h3 class=\"wp-block-heading\">Vertex B\u00f6lgesi Sa\u00e7 Ekimi Sonras\u0131 Bak\u0131m<\/h3>\n\n\n\n<p>Sa\u00e7 ekimi operasyonundan sonra, vertex b\u00f6lgesine \u00f6zel bir bak\u0131m gereklidir. Operasyon sonras\u0131 ilk birka\u00e7 hafta boyunca, ekilen sa\u00e7 folik\u00fcllerinin k\u00f6k salmas\u0131 i\u00e7in zaman tan\u0131nmal\u0131d\u0131r. Uzmanlar genellikle hastalara \u00f6zel sa\u00e7 bak\u0131m talimatlar\u0131 verirler. Bu talimatlar, operasyon sonras\u0131 iyile\u015fme s\u00fcrecini desteklemeyi ama\u00e7lar.<\/p>\n\n\n\n<h3 class=\"wp-block-heading\"><strong>Sonu\u00e7<\/strong><\/h3>\n\n\n\n<p>Vertex b\u00f6lgesi, sa\u00e7 ekimi operasyonlar\u0131nda \u00f6nemli bir role sahiptir. Bu b\u00f6lgedeki sa\u00e7 d\u00f6k\u00fclmesi, bir\u00e7ok insan\u0131n \u00f6zg\u00fcvenini etkileyebilir. Sa\u00e7 ekimi, vertex b\u00f6lgesine \u00f6zel olarak planlanarak, do\u011fal ve estetik sonu\u00e7lar elde etmeyi m\u00fcmk\u00fcn k\u0131lar. Uzman cerrahlar ve deneyimli ekipler taraf\u0131ndan ger\u00e7ekle\u015ftirilen sa\u00e7 ekimi operasyonlar\u0131, sa\u00e7 d\u00f6k\u00fclmesi sorunlar\u0131 ya\u015fayan bireylere yeni bir umut kayna\u011f\u0131 olmaktad\u0131r.<\/p>\n","protected":false},"excerpt":{"rendered":"<p>Sa\u00e7, insanlar\u0131n d\u0131\u015f g\u00f6r\u00fcn\u00fc\u015flerini \u015fekillendiren \u00f6nemli bir unsurdur. Sa\u00e7 d\u00f6k\u00fclmesi veya seyrek sa\u00e7lar, bir\u00e7ok insan i\u00e7in \u00f6zg\u00fcven kayb\u0131na neden olabilir<\/p>\n","protected":false},"author":24,"featured_media":35707,"comment_status":"open","ping_status":"open","sticky":false,"template":"","format":"standard","meta":{"content-type":"","footnotes":""},"categories":[387],"tags":[],"class_list":["post-35706","post","type-post","status-publish","format-standard","has-post-thumbnail","hentry","category-sac-ekimi"],"_links":{"self":[{"href":"https:\/\/estenbulhealth.com\/tr\/wp-json\/wp\/v2\/posts\/35706","targetHints":{"allow":["GET"]}}],"collection":[{"href":"https:\/\/estenbulhealth.com\/tr\/wp-json\/wp\/v2\/posts"}],"about":[{"href":"https:\/\/estenbulhealth.com\/tr\/wp-json\/wp\/v2\/types\/post"}],"author":[{"embeddable":true,"href":"https:\/\/estenbulhealth.com\/tr\/wp-json\/wp\/v2\/users\/24"}],"replies":[{"embeddable":true,"href":"https:\/\/estenbulhealth.com\/tr\/wp-json\/wp\/v2\/comments?post=35706"}],"version-history":[{"count":2,"href":"https:\/\/estenbulhealth.com\/tr\/wp-json\/wp\/v2\/posts\/35706\/revisions"}],"predecessor-version":[{"id":35720,"href":"https:\/\/estenbulhealth.com\/tr\/wp-json\/wp\/v2\/posts\/35706\/revisions\/35720"}],"wp:featuredmedia":[{"embeddable":true,"href":"https:\/\/estenbulhealth.com\/tr\/wp-json\/wp\/v2\/media\/35707"}],"wp:attachment":[{"href":"https:\/\/estenbulhealth.com\/tr\/wp-json\/wp\/v2\/media?parent=35706"}],"wp:term":[{"taxonomy":"category","embeddable":true,"href":"https:\/\/estenbulhealth.com\/tr\/wp-json\/wp\/v2\/categories?post=35706"},{"taxonomy":"post_tag","embeddable":true,"href":"https:\/\/estenbulhealth.com\/tr\/wp-json\/wp\/v2\/tags?post=35706"}],"curies":[{"name":"wp","href":"https:\/\/api.w.org\/{rel}","templated":true}]}}