{"id":21742,"date":"2022-07-06T13:15:34","date_gmt":"2022-07-06T10:15:34","guid":{"rendered":"https:\/\/estenbulhealth.com\/blog\/zidane-hair-transplant-in-istanbul\/"},"modified":"2024-07-02T11:37:41","modified_gmt":"2024-07-02T08:37:41","slug":"zidane-sac-ekimi","status":"publish","type":"post","link":"https:\/\/estenbulhealth.com\/tr\/blog\/zidane-sac-ekimi\/","title":{"rendered":"\u015ea\u015f\u0131rmad\u0131k: Zidane Sa\u00e7 Ekimi \u0130\u00e7in \u0130stanbul&#8217;da"},"content":{"rendered":"\n<p>Son zamanlarda bas\u0131nda \u00e7\u0131kan haberlere g\u00f6re Zinedine Zidane sa\u00e7 ekimi yapt\u0131rmaya karar vermi\u015f ve bunun i\u00e7in \u0130stanbul&#8217;u se\u00e7mi\u015f. Bu ger\u00e7ek bizi \u015fa\u015f\u0131rtm\u0131yor. \u00c7\u00fcnk\u00fc d\u00fcnyada <a href=\"https:\/\/estenbulhealth.com\/tr\/\" data-type=\"URL\" data-id=\"https:\/\/estenbulhealth.com\/tr\/\">sa\u00e7 ekimi<\/a> yapt\u0131rmak isteyenlerin en az yar\u0131s\u0131 \u0130stanbul ve T\u00fcrkiye&#8217;yi tercih ediyor. Hangi \u00fcnl\u00fc sa\u00e7 ekim doktorunu tercih etti\u011fi ise merak konusu.<\/p>\n\n\n\n<h2 class=\"wp-block-heading\">Zinedine Zidane Sa\u00e7 Ekimi \u0130stanbul<\/h2>\n\n\n\n<figure class=\"wp-block-image size-full\"><img loading=\"lazy\" decoding=\"async\" width=\"472\" height=\"476\" src=\"https:\/\/estenbulhealth.com\/wp-content\/uploads\/2022\/07\/zinedine-zidane-and-Veronique-Zidane.png\" alt=\"Hair Transplant in Turkey with Estenbul Health\" class=\"wp-image-21721\" title=\"\" srcset=\"https:\/\/estenbulhealth.com\/wp-content\/uploads\/2022\/07\/zinedine-zidane-and-Veronique-Zidane.png 472w, https:\/\/estenbulhealth.com\/wp-content\/uploads\/2022\/07\/zinedine-zidane-and-Veronique-Zidane-297x300.png 297w, https:\/\/estenbulhealth.com\/wp-content\/uploads\/2022\/07\/zinedine-zidane-and-Veronique-Zidane-150x150.png 150w, https:\/\/estenbulhealth.com\/wp-content\/uploads\/2022\/07\/zinedine-zidane-and-Veronique-Zidane-66x66.png 66w, https:\/\/estenbulhealth.com\/wp-content\/uploads\/2022\/07\/zinedine-zidane-and-Veronique-Zidane-200x202.png 200w, https:\/\/estenbulhealth.com\/wp-content\/uploads\/2022\/07\/zinedine-zidane-and-Veronique-Zidane-400x403.png 400w\" sizes=\"auto, (max-width: 472px) 100vw, 472px\" \/><figcaption class=\"wp-element-caption\">Zinedine Zidane ve Veronique Zidane<\/figcaption><\/figure>\n\n\n\n<p>Bas\u0131nda yer alan bilgilere g\u00f6re, 4 Temmuz&#8217;da \u0130stanbul&#8217;da bir otelde g\u00f6r\u00fcnt\u00fclenen Zinedine Zidane, t\u0131bbi ama\u00e7l\u0131 \u0130stanbul&#8217;da oldu\u011funu bildirdi.<\/p>\n\n\n\n<p>Futbol tarihine ad\u0131n\u0131 alt\u0131n harflerle yazd\u0131ran Zinedine Zidane, kariyerinde <a href=\"https:\/\/tr.wikipedia.org\/wiki\/1998_FIFA_D%C3%BCnya_Kupas%C4%B1\" data-type=\"URL\" data-id=\"https:\/\/tr.wikipedia.org\/wiki\/1998_FIFA_D%C3%BCnya_Kupas%C4%B1\" target=\"_blank\" rel=\"noopener\">1998 FIFA D\u00fcnya Kupas\u0131<\/a>, 2000 Avrupa Futbol \u015eampiyonas\u0131 ve 2002 UEFA \u015eampiyonlar Ligi&#8217;ni kazand\u0131.<\/p>\n\n\n\n<p>Antren\u00f6rl\u00fck kariyerinde 10 kupas\u0131 bulunan Frans\u0131z y\u0131ld\u0131z, Real Madrid ile 3 UEFA \u015eampiyonlar Ligi, 2 UEFA S\u00fcper Kupa ve 2 FIFA Kul\u00fcpler D\u00fcnya Kupas\u0131 kazand\u0131.<\/p>\n\n\n\n<h2 class=\"wp-block-heading\">Kellik ve Zidane<\/h2>\n\n\n\n<figure class=\"wp-block-image size-full\"><img loading=\"lazy\" decoding=\"async\" width=\"380\" height=\"449\" src=\"https:\/\/estenbulhealth.com\/wp-content\/uploads\/2022\/07\/zinedine-zidane-real-madrid.jpeg\" alt=\"Hair Transplant in Turkey with Estenbul Health\" class=\"wp-image-21726\" title=\"\" srcset=\"https:\/\/estenbulhealth.com\/wp-content\/uploads\/2022\/07\/zinedine-zidane-real-madrid.jpeg 380w, https:\/\/estenbulhealth.com\/wp-content\/uploads\/2022\/07\/zinedine-zidane-real-madrid-254x300.jpeg 254w, https:\/\/estenbulhealth.com\/wp-content\/uploads\/2022\/07\/zinedine-zidane-real-madrid-200x236.jpeg 200w\" sizes=\"auto, (max-width: 380px) 100vw, 380px\" \/><\/figure>\n\n\n\n<p>Kel insanlara \u00f6rnek olan Zidane, bu karar\u0131yla takip\u00e7ilerini \u015fa\u015f\u0131rtm\u0131\u015f olabilir. Kellik g\u00f6r\u00fcnt\u00fcs\u00fc ona \u00e7ok yak\u0131\u015fsa da sa\u00e7 yapt\u0131rman\u0131n her erke\u011fin hakk\u0131 oldu\u011funu d\u00fc\u015f\u00fcn\u00fcyoruz. Zidane bunu d\u00fc\u015f\u00fcnerek b\u00f6yle bir karar vermi\u015f olabilir. Sa\u00e7 ekimi karar\u0131 baz\u0131 hayranlar\u0131 \u00fczebilir.<\/p>\n\n\n\n<p>Asl\u0131nda sa\u00e7 d\u00f6k\u00fclmesi ya\u015fayan ve T\u00fcrkiye&#8217;de sa\u00e7 ekimi yapt\u0131rmaya karar veren sadece Zidane de\u011fil. Bir\u00e7ok \u00fcnl\u00fc bu karar\u0131 vermek zorunda kal\u0131yor. Yapmak zorunda \u00e7\u00fcnk\u00fc sa\u00e7 erkeklerin olmazsa olmaz\u0131. Yani kel erkek imaj\u0131 herkese yak\u0131\u015fm\u0131yor.<\/p>\n\n\n\n<p>Sa\u00e7 ekimi yapt\u0131ran futbolcular\u0131 da sayarsak; David Beckham, Wayne Rooney ve David Silva gibi futbolcular diyebiliriz.<\/p>\n\n\n\n<h2 class=\"wp-block-heading\">Zidane Ger\u00e7ekten Sa\u00e7 Ekimi Yapt\u0131r\u0131r m\u0131?<\/h2>\n\n\n\n<figure class=\"wp-block-image size-full\"><img loading=\"lazy\" decoding=\"async\" width=\"620\" height=\"410\" src=\"https:\/\/estenbulhealth.com\/wp-content\/uploads\/2022\/07\/zidane-hair-transplant.jpeg\" alt=\"Hair Transplant in Turkey with Estenbul Health\" class=\"wp-image-21731\" title=\"\" srcset=\"https:\/\/estenbulhealth.com\/wp-content\/uploads\/2022\/07\/zidane-hair-transplant.jpeg 620w, https:\/\/estenbulhealth.com\/wp-content\/uploads\/2022\/07\/zidane-hair-transplant-300x198.jpeg 300w, https:\/\/estenbulhealth.com\/wp-content\/uploads\/2022\/07\/zidane-hair-transplant-200x132.jpeg 200w, https:\/\/estenbulhealth.com\/wp-content\/uploads\/2022\/07\/zidane-hair-transplant-400x265.jpeg 400w, https:\/\/estenbulhealth.com\/wp-content\/uploads\/2022\/07\/zidane-hair-transplant-600x397.jpeg 600w\" sizes=\"auto, (max-width: 620px) 100vw, 620px\" \/><figcaption class=\"wp-element-caption\">Zidane Sa\u00e7 Ekimi<\/figcaption><\/figure>\n\n\n\n<p>Bunu ger\u00e7ekten anlamak i\u00e7in yakla\u015f\u0131k 7-8 ay beklememiz gerekiyor. E\u011fer ekim yapt\u0131rd\u0131ysa bu s\u00fcre sonunda sa\u00e7 ekiminden sonu\u00e7 alm\u0131\u015f olacakt\u0131r. E\u011fer bu bir s\u00f6ylentiyse, ger\u00e7ekten gerekli olup olmad\u0131\u011f\u0131n\u0131 bilmiyoruz. Sa\u00e7 ekiminde hala \u00e7o\u011fu ki\u015fi taraf\u0131ndan tercih edilen ve sa\u011fl\u0131k turizminde b\u00fcy\u00fck ilerleme kaydeden T\u00fcrkiye&#8217;nin bu t\u00fcr yanl\u0131\u015f bilgilerle haberlerde yer almas\u0131 bizi \u015fa\u015f\u0131rtt\u0131.<\/p>\n","protected":false},"excerpt":{"rendered":"<p>Son zamanlarda bas\u0131nda \u00e7\u0131kan haberlere g\u00f6re Zinedine Zidane sa\u00e7 ekimi yapt\u0131rmaya karar vermi\u015f ve bunun i\u00e7in \u0130stanbul&#8217;u se\u00e7mi\u015f. Bu ger\u00e7ek<\/p>\n","protected":false},"author":24,"featured_media":25492,"comment_status":"closed","ping_status":"closed","sticky":false,"template":"","format":"standard","meta":{"content-type":"","footnotes":""},"categories":[347],"tags":[],"class_list":["post-21742","post","type-post","status-publish","format-standard","has-post-thumbnail","hentry","category-sac-ekimi-makaleler"],"_links":{"self":[{"href":"https:\/\/estenbulhealth.com\/tr\/wp-json\/wp\/v2\/posts\/21742","targetHints":{"allow":["GET"]}}],"collection":[{"href":"https:\/\/estenbulhealth.com\/tr\/wp-json\/wp\/v2\/posts"}],"about":[{"href":"https:\/\/estenbulhealth.com\/tr\/wp-json\/wp\/v2\/types\/post"}],"author":[{"embeddable":true,"href":"https:\/\/estenbulhealth.com\/tr\/wp-json\/wp\/v2\/users\/24"}],"replies":[{"embeddable":true,"href":"https:\/\/estenbulhealth.com\/tr\/wp-json\/wp\/v2\/comments?post=21742"}],"version-history":[{"count":1,"href":"https:\/\/estenbulhealth.com\/tr\/wp-json\/wp\/v2\/posts\/21742\/revisions"}],"predecessor-version":[{"id":37752,"href":"https:\/\/estenbulhealth.com\/tr\/wp-json\/wp\/v2\/posts\/21742\/revisions\/37752"}],"wp:featuredmedia":[{"embeddable":true,"href":"https:\/\/estenbulhealth.com\/tr\/wp-json\/wp\/v2\/media\/25492"}],"wp:attachment":[{"href":"https:\/\/estenbulhealth.com\/tr\/wp-json\/wp\/v2\/media?parent=21742"}],"wp:term":[{"taxonomy":"category","embeddable":true,"href":"https:\/\/estenbulhealth.com\/tr\/wp-json\/wp\/v2\/categories?post=21742"},{"taxonomy":"post_tag","embeddable":true,"href":"https:\/\/estenbulhealth.com\/tr\/wp-json\/wp\/v2\/tags?post=21742"}],"curies":[{"name":"wp","href":"https:\/\/api.w.org\/{rel}","templated":true}]}}