{"id":18423,"date":"2021-11-17T12:07:40","date_gmt":"2021-11-17T09:07:40","guid":{"rendered":"https:\/\/estenbulhealth.com\/blog\/what-is-the-best-age-for-hair-transplant\/"},"modified":"2023-09-19T16:18:35","modified_gmt":"2023-09-19T13:18:35","slug":"sac-ekimi-icin-en-uygun-yas-nedir","status":"publish","type":"post","link":"https:\/\/estenbulhealth.com\/tr\/blog\/sac-ekimi-icin-en-uygun-yas-nedir\/","title":{"rendered":"Sa\u00e7 Ekimi \u0130\u00e7in En Uygun Ya\u015f Nedir?"},"content":{"rendered":"\n<p>Sa\u00e7 ekimi i\u00e7in en uygun ya\u015fa ula\u015fmak i\u00e7in yaz\u0131m\u0131zda verdi\u011fimiz detaylar\u0131 inceleyebilirsiniz. <a href=\"https:\/\/estenbulhealth.com\/tr\/\" data-type=\"URL\" data-id=\"https:\/\/estenbulhealth.com\/tr\/\">Sa\u00e7 ekimi<\/a> tedavisi, sa\u00e7 d\u00f6k\u00fclmesi ve kellikle m\u00fccadelede en etkili y\u00f6ntemdir. G\u00fcn\u00fcm\u00fczde olduk\u00e7a pop\u00fcler olan bu tedavi y\u00f6ntemi, sa\u00e7 d\u00f6k\u00fclmesi sorunu ya\u015fayan uygun ki\u015filere uygulanabilmektedir. Sa\u00e7 ekimi tedavisine uygun olup olmad\u0131\u011f\u0131n\u0131z\u0131 bilmek i\u00e7in elbette bir\u00e7ok test yap\u0131lmas\u0131 gerekir.<\/p>\n\n\n\n<p>Sa\u00e7 ekimi i\u00e7in en uygun ya\u015f bilgisinin al\u0131nabilmesi i\u00e7in hem testlere hem de cinsiyete g\u00f6re hareket edilmesi do\u011fru olacakt\u0131r. Bu yaz\u0131m\u0131zda sa\u00e7 ekimi i\u00e7in en uygun ya\u015f hakk\u0131nda bilmeniz gerekenleri derlemek istedik.<\/p>\n\n\n\n<h2 class=\"wp-block-heading\">Sa\u00e7 Ekimi \u0130\u00e7in En \u0130yi Ya\u015f<\/h2>\n\n\n\n<p>Sa\u00e7 ekimi i\u00e7in en uygun ya\u015f genellikle 20 ile 65 ya\u015f aras\u0131 kabul edilir. Sa\u00e7 ekimi y\u00f6ntemi, bu ya\u015flarda olu\u015fan sa\u00e7 d\u00f6k\u00fclmesi, kellik gibi durumlar\u0131n tedavisinde kullan\u0131labilir. Sa\u00e7 ekimi ya\u015f\u0131 elbette tedaviye ba\u015flamak i\u00e7in kullan\u0131lan tek kriter de\u011fildir. Hastaya yap\u0131lan kan tahlillerinin de pozitif \u00e7\u0131kmas\u0131 sa\u00e7 ekimi tedavisi i\u00e7in \u00e7ok \u00f6nemlidir.<\/p>\n\n\n\n<p>Ancak 20 ile 65 ya\u015f aras\u0131ndaki kad\u0131n ve erkeklere sa\u00e7 ekimi tedavisi uygulamak m\u00fcmk\u00fcnd\u00fcr. Sa\u00e7 ekimi i\u00e7in en uygun ya\u015f da kad\u0131ndan erke\u011fe farkl\u0131l\u0131k g\u00f6sterebilir. Bu konuda erkeklerde ba\u015far\u0131 oran\u0131 daha y\u00fcksek iken, ya\u015fl\u0131 kad\u0131nlarda ba\u015far\u0131 oran\u0131 daha d\u00fc\u015f\u00fckt\u00fcr.<\/p>\n\n\n\n<p>Bu yaz\u0131m\u0131zda sizler i\u00e7in sa\u00e7 ekimi i\u00e7in en uygun ya\u015fa e\u015flik eden fakt\u00f6rleri listelemek istedik. Sa\u00e7 ekimi i\u00e7in en uygun ya\u015f hakk\u0131nda bilmeniz gereken baz\u0131 \u00f6nemli detaylar:<\/p>\n\n\n\n<h3 class=\"wp-block-heading\">Sa\u00e7 Ekimi \u0130\u00e7in En \u0130yi Ya\u015f: Gen\u00e7lerde Sa\u00e7 Ekimi Tedavisi Ya\u015flar<\/h3>\n\n\n\n<p>26 ya\u015f\u0131nda sa\u00e7 ekimi \u00e7ok y\u00fcksek bir ba\u015far\u0131 oran\u0131 ile tedavi olarak kabul edilir. Gen\u00e7 ya\u015fta g\u00f6r\u00fclen sa\u00e7 d\u00f6k\u00fclmesi problemlerinin tedavisinde sa\u00e7 ekimi y\u00f6ntemi tercih edilmelidir. Gen\u00e7 ya\u015fta al\u0131nan nakil tedavisinin ba\u015far\u0131 oran\u0131 da olduk\u00e7a y\u00fcksektir. Her \u015fey yolunda giderse gen\u00e7 ya\u015fta sa\u00e7 ekimi tedavisinin %90-95 oran\u0131nda ba\u015far\u0131l\u0131 oldu\u011fu s\u00f6ylenebilir.<\/p>\n\n\n\n<p>30 ya\u015f\u0131nda sa\u00e7 ekimi de olduk\u00e7a etkili bir kriter olarak kabul edilir. 40 ya\u015f\u0131ndan sonra sa\u00e7 d\u00f6k\u00fclmesi sorununun yava\u015flad\u0131\u011f\u0131 g\u00f6z \u00f6n\u00fcne al\u0131nd\u0131\u011f\u0131nda 40 ya\u015f\u0131na kadar tedavi yap\u0131lmal\u0131d\u0131r. Sa\u00e7 ekimi i\u00e7in en uygun ya\u015f 20-40 ya\u015f aras\u0131 baz al\u0131nmal\u0131d\u0131r.<\/p>\n\n\n\n<p>Gen\u00e7 ya\u015fta sa\u00e7 ekimi tedavisinden faydalan\u0131l\u0131rken DHI veya FUE sa\u00e7 ekimi tekniklerinden biri tercih edilebilir. Her iki teknik de gen\u00e7 ya\u015fta uygulanan sa\u00e7 ekimi tedavisi i\u00e7in \u00e7ok uygundur.<\/p>\n\n\n\n<h3 class=\"wp-block-heading\">Sa\u00e7 Ekimi \u0130\u00e7in En \u0130yi Ya\u015f: Orta Ya\u015f Sonras\u0131 Sa\u00e7 Ekimi Tedavisi<\/h3>\n\n\n\n<p>Sa\u00e7 ekimi d\u00f6nemi i\u00e7in en uygun ya\u015f s\u00f6z konusu oldu\u011funda bu d\u00f6neme orta ya\u015f d\u00f6nemini de ekleyebiliriz. Daha \u00f6nce de belirtti\u011fimiz gibi 40-65 ya\u015f aras\u0131 yap\u0131lan sa\u00e7 ekimi tedavilerinin ba\u015far\u0131 oran\u0131 y\u00fcksektir. Bu ya\u015flar\u0131n tedavisinde uygulanan y\u00f6ntemler de FUE veya DHI sa\u00e7 ekimi y\u00f6ntemlerinden biridir.<\/p>\n\n\n\n<p>Sa\u00e7 ekimi i\u00e7in en uygun ya\u015f da orta ya\u015fla ili\u015fkilendirilir ve ya\u015fl\u0131l\u0131\u011fa kadar olan d\u00f6nemi kapsar. 40 ya\u015f\u0131na kadar sa\u00e7 d\u00f6k\u00fclmesinin tamamland\u0131\u011f\u0131 d\u00fc\u015f\u00fcn\u00fcl\u00fcrse bu tedavinin etkili olaca\u011f\u0131 bir ger\u00e7ektir. Gen\u00e7 ya\u015fta g\u00f6r\u00fclen sa\u00e7 d\u00f6k\u00fclmesine uygulanan tedavi ba\u015far\u0131 oran\u0131 a\u00e7\u0131s\u0131ndan y\u00fcksek olsa da d\u00f6k\u00fclme tamamland\u0131ktan sonra uygulanan tedavi de \u00f6nemlidir.<\/p>\n\n\n\n<p>Sa\u00e7 ekimi i\u00e7in en uygun ya\u015f, k\u0131saca 20&#8217;li ya\u015flar\u0131n ba\u015f\u0131 ile 65 ya\u015f aras\u0131ndaki d\u00f6neme verilen bir tan\u0131md\u0131r. Bu ya\u015fta al\u0131nan tedavinin gelecekte de etkili olaca\u011f\u0131 garanti edilebilir. Elbette bu s\u00fcre\u00e7teki baz\u0131 genetik fakt\u00f6rler veya komplikasyonlar da tedavinin ba\u015far\u0131s\u0131n\u0131 etkileyebilir.<\/p>\n\n\n\n<h3 class=\"wp-block-heading\">Sa\u00e7 Ekimi \u0130\u00e7in En K\u00f6t\u00fc Ya\u015f: Sa\u00e7 Ekimi \u0130\u00e7in \u00c7ok Ya\u015fl\u0131<\/h3>\n\n\n\n<p>Sa\u00e7 ekimi i\u00e7in en uygun ya\u015f 20-65 ya\u015f aras\u0131 olarak kabul edildi\u011finden 65 ya\u015f\u0131ndan sonras\u0131n\u0131 kapsamaz. 65 ya\u015f\u0131ndan sonra uygulanacak tedavi i\u00e7in farkl\u0131 testlerin de yap\u0131lmas\u0131 gerekir. Ya\u015fl\u0131 olarak kabul edilen bireylerin \u00e7o\u011funun tedaviye uygun olmad\u0131\u011f\u0131 da bir ger\u00e7ektir. Bu nedenle 65 ya\u015f\u0131ndan sonra uygulanan tedavinin ba\u015far\u0131 oran\u0131n\u0131n olduk\u00e7a d\u00fc\u015f\u00fck oldu\u011fu s\u00f6ylenebilir.<\/p>\n","protected":false},"excerpt":{"rendered":"<p>Sa\u00e7 ekimi i\u00e7in en uygun ya\u015fa ula\u015fmak i\u00e7in yaz\u0131m\u0131zda verdi\u011fimiz detaylar\u0131 inceleyebilirsiniz. Sa\u00e7 ekimi tedavisi, sa\u00e7 d\u00f6k\u00fclmesi ve kellikle m\u00fccadelede<\/p>\n","protected":false},"author":24,"featured_media":18437,"comment_status":"closed","ping_status":"open","sticky":false,"template":"","format":"standard","meta":{"content-type":"","footnotes":""},"categories":[347],"tags":[],"class_list":["post-18423","post","type-post","status-publish","format-standard","has-post-thumbnail","hentry","category-sac-ekimi-makaleler"],"_links":{"self":[{"href":"https:\/\/estenbulhealth.com\/tr\/wp-json\/wp\/v2\/posts\/18423","targetHints":{"allow":["GET"]}}],"collection":[{"href":"https:\/\/estenbulhealth.com\/tr\/wp-json\/wp\/v2\/posts"}],"about":[{"href":"https:\/\/estenbulhealth.com\/tr\/wp-json\/wp\/v2\/types\/post"}],"author":[{"embeddable":true,"href":"https:\/\/estenbulhealth.com\/tr\/wp-json\/wp\/v2\/users\/24"}],"replies":[{"embeddable":true,"href":"https:\/\/estenbulhealth.com\/tr\/wp-json\/wp\/v2\/comments?post=18423"}],"version-history":[{"count":1,"href":"https:\/\/estenbulhealth.com\/tr\/wp-json\/wp\/v2\/posts\/18423\/revisions"}],"predecessor-version":[{"id":37758,"href":"https:\/\/estenbulhealth.com\/tr\/wp-json\/wp\/v2\/posts\/18423\/revisions\/37758"}],"wp:featuredmedia":[{"embeddable":true,"href":"https:\/\/estenbulhealth.com\/tr\/wp-json\/wp\/v2\/media\/18437"}],"wp:attachment":[{"href":"https:\/\/estenbulhealth.com\/tr\/wp-json\/wp\/v2\/media?parent=18423"}],"wp:term":[{"taxonomy":"category","embeddable":true,"href":"https:\/\/estenbulhealth.com\/tr\/wp-json\/wp\/v2\/categories?post=18423"},{"taxonomy":"post_tag","embeddable":true,"href":"https:\/\/estenbulhealth.com\/tr\/wp-json\/wp\/v2\/tags?post=18423"}],"curies":[{"name":"wp","href":"https:\/\/api.w.org\/{rel}","templated":true}]}}