{"id":36113,"date":"2023-08-28T12:24:13","date_gmt":"2023-08-28T09:24:13","guid":{"rendered":"https:\/\/estenbulhealth.com\/blog\/jordan-peterson-hair-transplant\/"},"modified":"2023-09-19T15:43:46","modified_gmt":"2023-09-19T12:43:46","slug":"greffe-de-cheveux-de-jordan-peterson","status":"publish","type":"post","link":"https:\/\/estenbulhealth.com\/fr\/blog\/greffe-de-cheveux-de-jordan-peterson\/","title":{"rendered":"Transformation capillaire de Jordan Peterson : Comprendre sa d\u00e9cision concernant une greffe de cheveux"},"content":{"rendered":"\n<p><a href=\"https:\/\/fr.wikipedia.org\/wiki\/Jordan_Peterson\" data-type=\"link\" data-id=\"https:\/\/fr.wikipedia.org\/wiki\/Jordan_Peterson\" target=\"_blank\" rel=\"noopener\">Jordan Peterson<\/a>, le c\u00e9l\u00e8bre psychologue, professeur et auteur canadien, est une figure \u00e9minente reconnue pour ses id\u00e9es intellectuelles et ses discussions stimulantes. Au-del\u00e0 de ses activit\u00e9s professionnelles, l&rsquo;apparence de Peterson a \u00e9galement attir\u00e9 l&rsquo;attention, en particulier sa d\u00e9cision de subir une greffe de cheveux. Dans cet article de blog, nous nous plongeons dans le sujet de la transformation capillaire de Jordan Peterson, en explorant ses motivations, la proc\u00e9dure elle-m\u00eame et les implications plus larges d&rsquo;une telle d\u00e9cision.<\/p>\n\n\n\n<h2 class=\"wp-block-heading\">La D\u00e9cision de Subir une Greffe de Cheveux<\/h2>\n\n\n\n<p>Ces derni\u00e8res ann\u00e9es, l&rsquo;apparence de Jordan Peterson a suscit\u00e9 l&rsquo;int\u00e9r\u00eat de nombreux observateurs, et ses cheveux ont \u00e9t\u00e9 un sujet de discussion parmi les fans, les critiques et les m\u00e9dias. La d\u00e9cision de Peterson de subir une greffe de cheveux rel\u00e8ve de sa sph\u00e8re personnelle, influenc\u00e9e par divers facteurs. Bien qu&rsquo;il n&rsquo;ait pas explicitement \u00e9voqu\u00e9 les raisons de la proc\u00e9dure, il n&rsquo;est pas rare que les personnalit\u00e9s publiques envisagent des am\u00e9liorations esth\u00e9tiques pour renforcer leur confiance en eux et am\u00e9liorer leur apparence g\u00e9n\u00e9rale.<\/p>\n\n\n\n<figure class=\"wp-block-image size-full is-resized\"><img loading=\"lazy\" decoding=\"async\" src=\"https:\/\/estenbulhealth.com\/wp-content\/uploads\/2023\/08\/jordan-peterson-hair-loss.webp\" alt=\"Jordan Peterson Hair Loss\" class=\"wp-image-36094\" style=\"width:439px;height:439px\" width=\"439\" height=\"439\" title=\"\" srcset=\"https:\/\/estenbulhealth.com\/wp-content\/uploads\/2023\/08\/jordan-peterson-hair-loss.webp 800w, https:\/\/estenbulhealth.com\/wp-content\/uploads\/2023\/08\/jordan-peterson-hair-loss-300x300.webp 300w, https:\/\/estenbulhealth.com\/wp-content\/uploads\/2023\/08\/jordan-peterson-hair-loss-150x150.webp 150w, https:\/\/estenbulhealth.com\/wp-content\/uploads\/2023\/08\/jordan-peterson-hair-loss-768x768.webp 768w\" sizes=\"auto, (max-width: 439px) 100vw, 439px\" \/><\/figure>\n\n\n\n<h2 class=\"wp-block-heading\">La Proc\u00e9dure de Greffe de Cheveux<\/h2>\n\n\n\n<p>Une greffe de cheveux est une proc\u00e9dure chirurgicale con\u00e7ue pour traiter la perte de cheveux et l&rsquo;amincissement capillaire. Elle consiste \u00e0 pr\u00e9lever des follicules pileux sains d&rsquo;une partie du corps, g\u00e9n\u00e9ralement de l&rsquo;arri\u00e8re ou des c\u00f4t\u00e9s de la t\u00eate, pour les transplanter dans les zones o\u00f9 les cheveux s&rsquo;amincissent ou reculent. Il existe deux m\u00e9thodes principales de greffe de cheveux : la transplantation d&rsquo;unit\u00e9s folliculaires (FUT) et <a href=\"https:\/\/estenbulhealth.com\/fr\/fue-greffes-de-cheveux\/\" data-type=\"link\" data-id=\"https:\/\/estenbulhealth.com\/fr\/fue-greffes-de-cheveux\/\">l&rsquo;extraction d&rsquo;unit\u00e9s folliculaires (FUE)<\/a>.<\/p>\n\n\n\n<p>La FUT implique de pr\u00e9lever une bande de cuir chevelu contenant des follicules pileux sains, qui sont ensuite diss\u00e9qu\u00e9s et transplant\u00e9s. En revanche, la FUE consiste \u00e0 extraire individuellement les follicules pileux avant de les transplanter dans les zones souhait\u00e9es. Les deux m\u00e9thodes n\u00e9cessitent des techniques chirurgicales habiles et une grande pr\u00e9cision pour obtenir un r\u00e9sultat naturel.<\/p>\n\n\n\n<h2 class=\"wp-block-heading\">Les Implications Plus Larges<\/h2>\n\n\n\n<p>La d\u00e9cision de Jordan Peterson de subir une <a href=\"https:\/\/estenbulhealth.com\/fr\/\" data-type=\"link\" data-id=\"https:\/\/estenbulhealth.com\/fr\/\">greffe de cheveux<\/a> ouvre des discussions sur les choix personnels, l&rsquo;image de soi et les pressions sociales auxquelles font face les individus, en particulier ceux sous les feux de la rampe. En tant que personnalit\u00e9 publique engag\u00e9e dans des conversations sur l&rsquo;am\u00e9lioration de soi et les soins personnels, sa d\u00e9cision de subir une greffe de cheveux peut \u00eatre consid\u00e9r\u00e9e comme une extension de ces principes. Cependant, cela soul\u00e8ve \u00e9galement des questions sur l&rsquo;influence des normes d&rsquo;apparence et les limites que les gens sont pr\u00eats \u00e0 franchir pour les atteindre.<\/p>\n\n\n\n<p>De plus, la transparence de Peterson concernant son exp\u00e9rience de greffe de cheveux pourrait potentiellement apporter un soutien et des encouragements \u00e0 d&rsquo;autres personnes envisageant des proc\u00e9dures similaires. En partageant son parcours, il pourrait contribuer \u00e0 la d\u00e9stigmatisation des traitements contre la perte de cheveux et \u00e0 l&rsquo;ouverture de discussions sur l&rsquo;image corporelle.<\/p>\n\n\n\n<figure class=\"wp-block-image size-large is-resized\"><img loading=\"lazy\" decoding=\"async\" src=\"https:\/\/estenbulhealth.com\/wp-content\/uploads\/2023\/08\/jordan-peterson-hair-transplant-1024x1024.webp\" alt=\"Jordan Peterson Hair Transplant\" class=\"wp-image-36100\" style=\"width:432px;height:432px\" width=\"432\" height=\"432\" title=\"\" srcset=\"https:\/\/estenbulhealth.com\/wp-content\/uploads\/2023\/08\/jordan-peterson-hair-transplant-1024x1024.webp 1024w, https:\/\/estenbulhealth.com\/wp-content\/uploads\/2023\/08\/jordan-peterson-hair-transplant-300x300.webp 300w, https:\/\/estenbulhealth.com\/wp-content\/uploads\/2023\/08\/jordan-peterson-hair-transplant-150x150.webp 150w, https:\/\/estenbulhealth.com\/wp-content\/uploads\/2023\/08\/jordan-peterson-hair-transplant-768x768.webp 768w, https:\/\/estenbulhealth.com\/wp-content\/uploads\/2023\/08\/jordan-peterson-hair-transplant.webp 1200w\" sizes=\"auto, (max-width: 432px) 100vw, 432px\" \/><\/figure>\n\n\n\n<h2 class=\"wp-block-heading\">Conclusion<\/h2>\n\n\n\n<p>La d\u00e9cision de Jordan Peterson de subir une greffe de cheveux est un choix personnel qui croise sa persona publique et les attentes sociales. Alors qu&rsquo;il continue de participer \u00e0 des discussions intellectuelles et de partager des id\u00e9es sur divers sujets, sa d\u00e9cision pourrait susciter des d\u00e9bats plus larges sur l&rsquo;image de soi, l&rsquo;authenticit\u00e9 et les pressions auxquelles sont confront\u00e9es les personnalit\u00e9s publiques. Quelle que soit l&rsquo;opinion sur de telles proc\u00e9dures, cela rappelle que les choix personnels sont complexes et influenc\u00e9s par une gamme de facteurs.<\/p>\n\n\n\n<h2 class=\"wp-block-heading\"><strong>FAQ sur le Blog concernant la Transformation Capillaire de Jordan Peterson<\/strong><\/h2>\n\n\n<div id=\"rank-math-faq\" class=\"rank-math-block\">\n<div class=\"rank-math-list \">\n<div id=\"faq-question-1693217386775\" class=\"rank-math-list-item\">\n<h3 class=\"rank-math-question \"><strong>Pourquoi Jordan Peterson a-t-il subi une greffe de cheveux ?<\/strong><\/h3>\n<div class=\"rank-math-answer \">\n\n<p>La d\u00e9cision de Jordan Peterson de subir une greffe de cheveux d\u00e9coule de raisons personnelles qu&rsquo;il n&rsquo;a pas explicitement discut\u00e9es. Comme de nombreuses personnes, il aurait pu choisir la proc\u00e9dure pour renforcer sa confiance en soi et am\u00e9liorer son apparence g\u00e9n\u00e9rale.<\/p>\n\n<\/div>\n<\/div>\n<div id=\"faq-question-1693217394871\" class=\"rank-math-list-item\">\n<h3 class=\"rank-math-question \"><strong>Qu&rsquo;est-ce qu&rsquo;une greffe de cheveux ?<\/strong><\/h3>\n<div class=\"rank-math-answer \">\n\n<p>Une greffe de cheveux est une proc\u00e9dure chirurgicale visant \u00e0 traiter la perte de cheveux et l&rsquo;amincissement. Elle consiste \u00e0 pr\u00e9lever des follicules pileux sains d&rsquo;une partie du corps et \u00e0 les transplanter dans les zones o\u00f9 les cheveux s&rsquo;amincissent ou reculent. Il existe deux m\u00e9thodes principales : la transplantation d&rsquo;unit\u00e9s folliculaires (FUT) et l&rsquo;extraction d&rsquo;unit\u00e9s folliculaires (FUE).<\/p>\n\n<\/div>\n<\/div>\n<div id=\"faq-question-1693217407970\" class=\"rank-math-list-item\">\n<h3 class=\"rank-math-question \"><strong>Comment fonctionne une greffe de cheveux ?<\/strong><\/h3>\n<div class=\"rank-math-answer \">\n\n<p>Dans le cadre de la FUT, une bande de cuir chevelu avec des follicules pileux sains est pr\u00e9lev\u00e9e, puis d\u00e9coup\u00e9e et transplant\u00e9e. La FUE implique l&rsquo;extraction individuelle des follicules pileux avant leur transplantation. Les deux m\u00e9thodes exigent des techniques chirurgicales pr\u00e9cises pour obtenir des r\u00e9sultats naturels.<\/p>\n\n<\/div>\n<\/div>\n<div id=\"faq-question-1693217422269\" class=\"rank-math-list-item\">\n<h3 class=\"rank-math-question \"><strong>Quelles sont les implications plus larges de la d\u00e9cision de Jordan Peterson ?<\/strong><\/h3>\n<div class=\"rank-math-answer \">\n\n<p>Le choix de Peterson de subir une greffe de cheveux suscite des d\u00e9bats sur les choix personnels, l&rsquo;image de soi et les pressions sociales. Il soul\u00e8ve des questions sur les normes de beaut\u00e9 et jusqu&rsquo;o\u00f9 les individus, surtout les personnalit\u00e9s publiques, sont pr\u00eats \u00e0 aller pour r\u00e9pondre \u00e0 ces normes. Sa transparence pourrait \u00e9galement soutenir d&rsquo;autres personnes envisageant des proc\u00e9dures similaires.<\/p>\n\n<\/div>\n<\/div>\n<div id=\"faq-question-1693217434969\" class=\"rank-math-list-item\">\n<h3 class=\"rank-math-question \"><strong>Comment la d\u00e9cision de Jordan Peterson pourrait-elle influencer le discours public ?<\/strong><\/h3>\n<div class=\"rank-math-answer \">\n\n<p>La transformation capillaire de Peterson pourrait \u00e9largir les discussions sur l&rsquo;am\u00e9lioration de soi, l&rsquo;authenticit\u00e9 et les attentes sociales. Alors qu&rsquo;il continue de partager des id\u00e9es, sa d\u00e9cision pourrait encourager les d\u00e9bats sur l&rsquo;image corporelle, les soins personnels et les d\u00e9fis auxquels sont confront\u00e9es les personnalit\u00e9s publiques. Ind\u00e9pendamment des opinions sur de telles proc\u00e9dures, cela met en lumi\u00e8re la complexit\u00e9 des choix personnels.<\/p>\n\n<\/div>\n<\/div>\n<\/div>\n<\/div>\n\n\n<figure class=\"wp-block-embed is-type-video is-provider-youtube wp-block-embed-youtube wp-embed-aspect-16-9 wp-has-aspect-ratio\"><div class=\"wp-block-embed__wrapper\">\n<iframe loading=\"lazy\" title=\"Sapphire FUE Hair Transplant Process - Hair Transplant in Turkey\" width=\"500\" height=\"281\" src=\"https:\/\/www.youtube.com\/embed\/ZFIa4Lb5aBA?feature=oembed\" frameborder=\"0\" allow=\"accelerometer; autoplay; clipboard-write; encrypted-media; gyroscope; picture-in-picture; web-share\" referrerpolicy=\"strict-origin-when-cross-origin\" allowfullscreen><\/iframe>\n<\/div><\/figure>\n","protected":false},"excerpt":{"rendered":"<p>Jordan Peterson, le c\u00e9l\u00e8bre psychologue, professeur et auteur canadien, est une figure \u00e9minente reconnue pour ses id\u00e9es intellectuelles et ses<\/p>\n","protected":false},"author":24,"featured_media":36089,"comment_status":"closed","ping_status":"open","sticky":false,"template":"","format":"standard","meta":{"content-type":"","footnotes":""},"categories":[527],"tags":[],"class_list":["post-36113","post","type-post","status-publish","format-standard","has-post-thumbnail","hentry","category-greffe-de-cheveux-de-celebrite"],"_links":{"self":[{"href":"https:\/\/estenbulhealth.com\/fr\/wp-json\/wp\/v2\/posts\/36113","targetHints":{"allow":["GET"]}}],"collection":[{"href":"https:\/\/estenbulhealth.com\/fr\/wp-json\/wp\/v2\/posts"}],"about":[{"href":"https:\/\/estenbulhealth.com\/fr\/wp-json\/wp\/v2\/types\/post"}],"author":[{"embeddable":true,"href":"https:\/\/estenbulhealth.com\/fr\/wp-json\/wp\/v2\/users\/24"}],"replies":[{"embeddable":true,"href":"https:\/\/estenbulhealth.com\/fr\/wp-json\/wp\/v2\/comments?post=36113"}],"version-history":[{"count":2,"href":"https:\/\/estenbulhealth.com\/fr\/wp-json\/wp\/v2\/posts\/36113\/revisions"}],"predecessor-version":[{"id":37610,"href":"https:\/\/estenbulhealth.com\/fr\/wp-json\/wp\/v2\/posts\/36113\/revisions\/37610"}],"wp:featuredmedia":[{"embeddable":true,"href":"https:\/\/estenbulhealth.com\/fr\/wp-json\/wp\/v2\/media\/36089"}],"wp:attachment":[{"href":"https:\/\/estenbulhealth.com\/fr\/wp-json\/wp\/v2\/media?parent=36113"}],"wp:term":[{"taxonomy":"category","embeddable":true,"href":"https:\/\/estenbulhealth.com\/fr\/wp-json\/wp\/v2\/categories?post=36113"},{"taxonomy":"post_tag","embeddable":true,"href":"https:\/\/estenbulhealth.com\/fr\/wp-json\/wp\/v2\/tags?post=36113"}],"curies":[{"name":"wp","href":"https:\/\/api.w.org\/{rel}","templated":true}]}}