{"id":21738,"date":"2022-07-06T13:15:34","date_gmt":"2022-07-06T10:15:34","guid":{"rendered":"https:\/\/estenbulhealth.com\/blog\/zidane-hair-transplant-in-istanbul\/"},"modified":"2024-07-02T11:39:19","modified_gmt":"2024-07-02T08:39:19","slug":"la-greffe-de-cheveux-de-zidane","status":"publish","type":"post","link":"https:\/\/estenbulhealth.com\/fr\/blog\/la-greffe-de-cheveux-de-zidane\/","title":{"rendered":"Nous ne sommes pas surpris : la greffe de cheveux de Zidane \u00e0 Istanbul\ufffc"},"content":{"rendered":"\n<p>Selon de r\u00e9cents reportages dans les m\u00e9dias, Zinedine Zidane a d\u00e9cid\u00e9 de subir une <a href=\"https:\/\/estenbulhealth.com\/fr\/\" data-type=\"URL\" data-id=\"https:\/\/estenbulhealth.com\/fr\/\">greffe de cheveux <\/a>et a choisi Istanbul pour cela. Ce fait ne nous surprend pas. Parce qu&rsquo;au moins la moiti\u00e9 des personnes qui souhaitent se faire greffer des cheveux dans le monde pr\u00e9f\u00e8rent Istanbul et la Turquie. C&rsquo;est une question de curiosit\u00e9 de savoir quel m\u00e9decin de greffe de cheveux c\u00e9l\u00e8bre ils pr\u00e9f\u00e8rent. <\/p>\n\n\n\n<h2 class=\"wp-block-heading\"><strong>Greffe de cheveux de Zinedine Zidane \u00e0 Istanbul<\/strong><\/h2>\n\n\n\n<figure class=\"wp-block-image size-full\"><img loading=\"lazy\" decoding=\"async\" width=\"472\" height=\"476\" src=\"https:\/\/estenbulhealth.com\/wp-content\/uploads\/2022\/07\/zinedine-zidane-and-Veronique-Zidane.png\" alt=\"Hair Transplant in Turkey with Estenbul Health\" class=\"wp-image-21721\" title=\"\" srcset=\"https:\/\/estenbulhealth.com\/wp-content\/uploads\/2022\/07\/zinedine-zidane-and-Veronique-Zidane.png 472w, https:\/\/estenbulhealth.com\/wp-content\/uploads\/2022\/07\/zinedine-zidane-and-Veronique-Zidane-297x300.png 297w, https:\/\/estenbulhealth.com\/wp-content\/uploads\/2022\/07\/zinedine-zidane-and-Veronique-Zidane-150x150.png 150w, https:\/\/estenbulhealth.com\/wp-content\/uploads\/2022\/07\/zinedine-zidane-and-Veronique-Zidane-66x66.png 66w, https:\/\/estenbulhealth.com\/wp-content\/uploads\/2022\/07\/zinedine-zidane-and-Veronique-Zidane-200x202.png 200w, https:\/\/estenbulhealth.com\/wp-content\/uploads\/2022\/07\/zinedine-zidane-and-Veronique-Zidane-400x403.png 400w\" sizes=\"auto, (max-width: 472px) 100vw, 472px\" \/><figcaption class=\"wp-element-caption\">Zinedine Zidane and Veronique Zidane<\/figcaption><\/figure>\n\n\n\n<p>Selon les informations des m\u00e9dias, Zinedine Zidane, qui s&rsquo;est pr\u00e9sent\u00e9e dans un h\u00f4tel d&rsquo;Istanbul le 4 juillet, a indiqu\u00e9 qu&rsquo;il se trouvait \u00e0 Istanbul pour des raisons m\u00e9dicales.<\/p>\n\n\n\n<p>Zinedine Zidane, qui a \u00e9crit son nom dans l&rsquo;histoire du football avec des lettres d&rsquo;or, a remport\u00e9 la <a href=\"https:\/\/fr.wikipedia.org\/wiki\/Coupe_du_monde_de_football_1998\" data-type=\"URL\" data-id=\"https:\/\/fr.wikipedia.org\/wiki\/Coupe_du_monde_de_football_1998\" target=\"_blank\" rel=\"noopener\">Coupe du monde de football 1998<\/a>, le Championnat d&rsquo;Europe de football 2000 et la Ligue des champions de l&rsquo;UEFA 2002 au cours de sa carri\u00e8re.<\/p>\n\n\n\n<p>La star fran\u00e7ais, qui compte 10 troph\u00e9es dans sa carri\u00e8re d&rsquo;entra\u00eeneur, avec le Real Madrid, il a remport\u00e9 3 UEFA Champions League, 2 Super Coupes de l&rsquo;UEFA et 2 Coupes du Monde des Clubs de la FIFA.<\/p>\n\n\n\n<h2 class=\"wp-block-heading\"><strong>Calvitie et Zidane<\/strong><\/h2>\n\n\n\n<figure class=\"wp-block-image size-full\"><img loading=\"lazy\" decoding=\"async\" width=\"380\" height=\"449\" src=\"https:\/\/estenbulhealth.com\/wp-content\/uploads\/2022\/07\/zinedine-zidane-real-madrid.jpeg\" alt=\"Hair Transplant in Turkey with Estenbul Health\" class=\"wp-image-21726\" title=\"\" srcset=\"https:\/\/estenbulhealth.com\/wp-content\/uploads\/2022\/07\/zinedine-zidane-real-madrid.jpeg 380w, https:\/\/estenbulhealth.com\/wp-content\/uploads\/2022\/07\/zinedine-zidane-real-madrid-254x300.jpeg 254w, https:\/\/estenbulhealth.com\/wp-content\/uploads\/2022\/07\/zinedine-zidane-real-madrid-200x236.jpeg 200w\" sizes=\"auto, (max-width: 380px) 100vw, 380px\" \/><\/figure>\n\n\n\n<p>Un exemple pour les chauves, Zidane a peut-\u00eatre surpris ses partisans avec cette d\u00e9cision. Bien que l&rsquo;apparence de la calvitie lui convienne, nous pensons que chaque homme a le droit d&rsquo;avoir des cheveux. Zidane a peut-\u00eatre pris une telle d\u00e9cision dans cet esprit. La d\u00e9cision d&rsquo;avoir une greffe de cheveux peut bouleverser certains fans.<\/p>\n\n\n\n<p>En fait, Zidane n&rsquo;est pas le seul \u00e0 souffrir de perte de cheveux et d\u00e9cide de se faire greffer des cheveux en Turquie. De nombreuses c\u00e9l\u00e9brit\u00e9s sont oblig\u00e9es de prendre cette d\u00e9cision. Il le faut parce que les cheveux sont un must pour les hommes. En d&rsquo;autres termes, l&rsquo;image de l&rsquo;homme chauve ne convient pas \u00e0 tout le monde.<\/p>\n\n\n\n<p>Si l&rsquo;on compte les footballeurs qui ont subi une grevde de cheveux; On peut compter des footballeurs comme David Beckham, Wayne Rooney et David Silva.<\/p>\n\n\n\n<h2 class=\"wp-block-heading\"><strong>Zidane a-t-il vraiment une greffe de cheveux ?<\/strong><\/h2>\n\n\n\n<figure class=\"wp-block-image size-full\"><img loading=\"lazy\" decoding=\"async\" width=\"620\" height=\"410\" src=\"https:\/\/estenbulhealth.com\/wp-content\/uploads\/2022\/07\/zidane-hair-transplant.jpeg\" alt=\"Hair Transplant in Turkey with Estenbul Health\" class=\"wp-image-21731\" title=\"\" srcset=\"https:\/\/estenbulhealth.com\/wp-content\/uploads\/2022\/07\/zidane-hair-transplant.jpeg 620w, https:\/\/estenbulhealth.com\/wp-content\/uploads\/2022\/07\/zidane-hair-transplant-300x198.jpeg 300w, https:\/\/estenbulhealth.com\/wp-content\/uploads\/2022\/07\/zidane-hair-transplant-200x132.jpeg 200w, https:\/\/estenbulhealth.com\/wp-content\/uploads\/2022\/07\/zidane-hair-transplant-400x265.jpeg 400w, https:\/\/estenbulhealth.com\/wp-content\/uploads\/2022\/07\/zidane-hair-transplant-600x397.jpeg 600w\" sizes=\"auto, (max-width: 620px) 100vw, 620px\" \/><figcaption class=\"wp-element-caption\">Greffe de Cheveux de Zinedine Zidane<\/figcaption><\/figure>\n\n\n\n<p>Nous devons attendre environ 7-8 mois pour vraiment comprendre cela. S&rsquo;il l&rsquo;a fait greffer, il aura obtenu les <a href=\"https:\/\/estenbulhealth.com\/fr\/greffe-de-cheveux-avant-et-apres\/\" data-type=\"URL\" data-id=\"https:\/\/estenbulhealth.com\/fr\/greffe-de-cheveux-avant-et-apres\/\">r\u00e9sultats de la greffe de cheveux<\/a> \u00e0 la fin de cette p\u00e9riode. Si c&rsquo;\u00e9tait une rumeur, nous ne savons honn\u00eatement pas si c&rsquo;\u00e9tait n\u00e9cessaire. Nous sommes surpris que la Turquie, qui est toujours pr\u00e9f\u00e9r\u00e9e par la plupart des gens en mati\u00e8re de greffe de cheveux et qui a fait de grands progr\u00e8s dans le tourisme de sant\u00e9, fasse la une des journaux avec une telle d\u00e9sinformation.<\/p>\n","protected":false},"excerpt":{"rendered":"<p>Selon de r\u00e9cents reportages dans les m\u00e9dias, Zinedine Zidane a d\u00e9cid\u00e9 de subir une greffe de cheveux et a choisi<\/p>\n","protected":false},"author":24,"featured_media":25498,"comment_status":"closed","ping_status":"closed","sticky":false,"template":"","format":"standard","meta":{"content-type":"","footnotes":""},"categories":[345],"tags":[],"class_list":["post-21738","post","type-post","status-publish","format-standard","has-post-thumbnail","hentry","category-articles-sur-la-greffe-de-cheveux"],"_links":{"self":[{"href":"https:\/\/estenbulhealth.com\/fr\/wp-json\/wp\/v2\/posts\/21738","targetHints":{"allow":["GET"]}}],"collection":[{"href":"https:\/\/estenbulhealth.com\/fr\/wp-json\/wp\/v2\/posts"}],"about":[{"href":"https:\/\/estenbulhealth.com\/fr\/wp-json\/wp\/v2\/types\/post"}],"author":[{"embeddable":true,"href":"https:\/\/estenbulhealth.com\/fr\/wp-json\/wp\/v2\/users\/24"}],"replies":[{"embeddable":true,"href":"https:\/\/estenbulhealth.com\/fr\/wp-json\/wp\/v2\/comments?post=21738"}],"version-history":[{"count":3,"href":"https:\/\/estenbulhealth.com\/fr\/wp-json\/wp\/v2\/posts\/21738\/revisions"}],"predecessor-version":[{"id":37614,"href":"https:\/\/estenbulhealth.com\/fr\/wp-json\/wp\/v2\/posts\/21738\/revisions\/37614"}],"wp:featuredmedia":[{"embeddable":true,"href":"https:\/\/estenbulhealth.com\/fr\/wp-json\/wp\/v2\/media\/25498"}],"wp:attachment":[{"href":"https:\/\/estenbulhealth.com\/fr\/wp-json\/wp\/v2\/media?parent=21738"}],"wp:term":[{"taxonomy":"category","embeddable":true,"href":"https:\/\/estenbulhealth.com\/fr\/wp-json\/wp\/v2\/categories?post=21738"},{"taxonomy":"post_tag","embeddable":true,"href":"https:\/\/estenbulhealth.com\/fr\/wp-json\/wp\/v2\/tags?post=21738"}],"curies":[{"name":"wp","href":"https:\/\/api.w.org\/{rel}","templated":true}]}}